{"id":281384,"date":"2025-10-22T17:29:45","date_gmt":"2025-10-22T17:29:45","guid":{"rendered":"https:\/\/ami.mr\/fr\/?p=281384"},"modified":"2025-10-22T17:29:45","modified_gmt":"2025-10-22T17:29:45","slug":"atelier-national-sur-la-gestion-environnementale-des-activites-dorpaillage","status":"publish","type":"post","link":"https:\/\/ami.mr\/fr\/archives\/281384","title":{"rendered":"Atelier national sur la gestion environnementale des activit\u00e9s d\u2019orpaillage"},"content":{"rendered":"<p>La ministre de l&#8217;Environnement et du D\u00e9veloppement Durable, Mme Massaouda Mint Baham Mohamed Laghdaf, a pr\u00e9sid\u00e9, mercredi \u00e0 Nouakchott, le lancement des travaux d&#8217;un atelier consultatif national sous le th\u00e8me : &#8220;Les meilleures pratiques pour la gestion environnementale des activit\u00e9s d\u2019orpaillage et la gestion des produits chimiques et d\u00e9chets associ\u00e9s&#8221;, avec la participation du repr\u00e9sentant de la F\u00e9d\u00e9ration des usines d&#8217;or, des pr\u00e9sidents des f\u00e9d\u00e9rations et syndicats du domaine, de plusieurs organisations de la soci\u00e9t\u00e9 civile et des repr\u00e9sentants des d\u00e9partements minist\u00e9riels concern\u00e9s.<\/p>\n<p>L\u2019atelier, de deux jours, vise \u00e0 \u00e9laborer une approche nationale globale garantissant la durabilit\u00e9 de l&#8217;activit\u00e9 mini\u00e8re artisanale, en tenant compte des normes environnementales et sanitaires et en pr\u00e9servant les \u00e9cosyst\u00e8mes.<\/p>\n<p>Dans son discours \u00e0 cette occasion, la ministre a indiqu\u00e9 que \u2018\u2019l&#8217;organisation de cet atelier s&#8217;inscrit dans le cadre de la politique gouvernementale visant \u00e0 trouver les solutions les plus efficaces pour la durabilit\u00e9 de cette activit\u00e9 vitale afin de diagnostiquer les pratiques et les impacts n\u00e9gatifs li\u00e9s \u00e0 l&#8217;extraction traditionnelle de l&#8217;or, de d\u00e9finir les priorit\u00e9s d&#8217;action \u00e0 court et moyen termes pour r\u00e9duire les risques environnementaux et sanitaires, en proposant des r\u00e9glementations et un accompagnement technique, et en mettant \u00e0 disposition des technologies alternatives et durables\u2019\u2019.<\/p>\n<p>Elle a soulign\u00e9 que le secteur minier traditionnel est devenu un levier \u00e9conomique important en termes de croissance, de cr\u00e9ation d&#8217;emplois, de r\u00e9duction du ch\u00f4mage et d&#8217;augmentation du revenu national, mais qu&#8217;il est entr\u00e9 dans le pays de mani\u00e8re al\u00e9atoire et rapide, sans tenir suffisamment compte des exigences environnementales et sanitaires, rappelant le discours de Son Excellence le Pr\u00e9sident de la R\u00e9publique le 2 novembre 2020 dans la wilaya de Tiris &#8211; Zemmour, enjoignant le gouvernement de trouver un \u00e9quilibre entre l&#8217;exploitation des ressources min\u00e9rales, la protection de l&#8217;environnement et la sant\u00e9 des citoyens.<\/p>\n<p>Mme la ministre a pr\u00e9cis\u00e9 que \u2018\u2019le minist\u00e8re a pris ces derni\u00e8res ann\u00e9es un ensemble de mesures importantes, dont l&#8217;obligation pour les entreprises de r\u00e9aliser des \u00e9tudes d&#8217;impact environnemental et social, la cr\u00e9ation d&#8217;une police environnementale pour suivre le respect des plans de gestion environnementale, la mise en \u0153uvre de campagnes de sensibilisation sur les dangers de l&#8217;utilisation du mercure, et la fermeture des installations non conformes\u2019\u2019.<\/p>\n<p>Elle a ajout\u00e9 que \u2018\u2019malgr\u00e9 ces efforts, la gestion durable de l&#8217;activit\u00e9 de l\u2019orpaillage n\u00e9cessite toujours une approche int\u00e9gr\u00e9e qui tienne compte des risques environnementaux et sanitaires r\u00e9sultant de l&#8217;utilisation al\u00e9atoire de produits chimiques toxiques tels que le mercure et le cyanure, de la prolif\u00e9ration de sites de traitement non autoris\u00e9s mena\u00e7ant des zones environnementales et r\u00e9sidentielles sensibles, ainsi que de la d\u00e9gradation rapide des sols et de la pression sur les ressources en eau, et des risques qui p\u00e8sent sur les \u00e9cosyst\u00e8mes, y compris le Parc National du Banc d&#8217;Arguin\u2019\u2019.<\/p>\n<p>De son c\u00f4t\u00e9, la directrice g\u00e9n\u00e9rale de l&#8217;\u00c9valuation et du Contr\u00f4le Environnemental, Mme Khadija Sneiha, a d\u00e9clar\u00e9 que \u2018\u2019depuis l&#8217;apparition de l\u2019activit\u00e9 de l\u2019orpaillage en Mauritanie en 2016, cette activit\u00e9 est devenue une source de revenus principale pour des milliers de familles et ont contribu\u00e9 \u00e0 stimuler l&#8217;\u00e9conomie locale\u2019\u2019, soulignant que ce d\u00e9veloppement rapide et non r\u00e9glement\u00e9 a entra\u00een\u00e9 des d\u00e9fis environnementaux et sanitaires majeurs affectant les ressources naturelles et la s\u00e9curit\u00e9 humaine.<\/p>\n<p>Elle a ajout\u00e9 que \u2018\u2019face \u00e0 cette situation environnementale et sociale pr\u00e9occupante, caract\u00e9ris\u00e9e par l&#8217;utilisation non contr\u00f4l\u00e9e du mercure et du cyanure, la d\u00e9gradation des sols, la pollution de l&#8217;eau, et les risques sanitaires qui menacent les communaut\u00e9s locales et les travailleurs, le minist\u00e8re de l&#8217;Environnement et du D\u00e9veloppement Durable, par l&#8217;interm\u00e9diaire de la Direction de l&#8217;\u00c9valuation et du Contr\u00f4le Environnemental, a jug\u00e9 n\u00e9cessaire de r\u00e9unir toutes les parties prenantes autour d&#8217;une m\u00eame table, qu&#8217;il s&#8217;agisse d&#8217;institutions et d&#8217;organismes locaux, d&#8217;experts, d&#8217;organisations de la soci\u00e9t\u00e9 civile et de partenaires techniques, afin d&#8217;identifier des solutions pratiques et durables, ce qui sera fait aujourd&#8217;hui \u00e0 travers les travaux de cet atelier\u2019\u2019.<\/p>\n<p>Ont assist\u00e9 \u00e0 l&#8217;atelier le repr\u00e9sentant de la F\u00e9d\u00e9ration des usines d&#8217;or, les pr\u00e9sidents des f\u00e9d\u00e9rations et syndicats et des membres d&#8217;organisations de la soci\u00e9t\u00e9 civile \u0153uvrant dans le domaine.<\/p>\n","protected":false},"excerpt":{"rendered":"<p>La ministre de l&#8217;Environnement et du D\u00e9veloppement Durable, Mme Massaouda Mint Baham Mohamed Laghdaf, a pr\u00e9sid\u00e9, mercredi \u00e0 Nouakchott, le lancement des travaux d&#8217;un atelier consultatif national sous le th\u00e8me : &#8220;Les meilleures pratiques pour la gestion environnementale des activit\u00e9s d\u2019orpaillage et la gestion des produits chimiques et d\u00e9chets associ\u00e9s&#8221;, avec la participation du repr\u00e9sentant [&hellip;]<\/p>\n","protected":false},"author":5,"featured_media":281386,"comment_status":"open","ping_status":"open","sticky":false,"template":"","format":"standard","meta":{"footnotes":""},"categories":[63920,63957,63959,63927],"tags":[],"class_list":["post-281384","post","type-post","status-publish","format-standard","has-post-thumbnail","hentry","category-a-la-une","category-fil-dactualite","category-mauritanie","category-slider-mauritanie"],"_links":{"self":[{"href":"https:\/\/ami.mr\/fr\/wp-json\/wp\/v2\/posts\/281384","targetHints":{"allow":["GET"]}}],"collection":[{"href":"https:\/\/ami.mr\/fr\/wp-json\/wp\/v2\/posts"}],"about":[{"href":"https:\/\/ami.mr\/fr\/wp-json\/wp\/v2\/types\/post"}],"author":[{"embeddable":true,"href":"https:\/\/ami.mr\/fr\/wp-json\/wp\/v2\/users\/5"}],"replies":[{"embeddable":true,"href":"https:\/\/ami.mr\/fr\/wp-json\/wp\/v2\/comments?post=281384"}],"version-history":[{"count":1,"href":"https:\/\/ami.mr\/fr\/wp-json\/wp\/v2\/posts\/281384\/revisions"}],"predecessor-version":[{"id":281388,"href":"https:\/\/ami.mr\/fr\/wp-json\/wp\/v2\/posts\/281384\/revisions\/281388"}],"wp:featuredmedia":[{"embeddable":true,"href":"https:\/\/ami.mr\/fr\/wp-json\/wp\/v2\/media\/281386"}],"wp:attachment":[{"href":"https:\/\/ami.mr\/fr\/wp-json\/wp\/v2\/media?parent=281384"}],"wp:term":[{"taxonomy":"category","embeddable":true,"href":"https:\/\/ami.mr\/fr\/wp-json\/wp\/v2\/categories?post=281384"},{"taxonomy":"post_tag","embeddable":true,"href":"https:\/\/ami.mr\/fr\/wp-json\/wp\/v2\/tags?post=281384"}],"curies":[{"name":"wp","href":"https:\/\/api.w.org\/{rel}","templated":true}]}}