{"id":281101,"date":"2025-10-19T11:45:17","date_gmt":"2025-10-19T11:45:17","guid":{"rendered":"https:\/\/ami.mr\/fr\/?p=281101"},"modified":"2025-10-19T11:45:17","modified_gmt":"2025-10-19T11:45:17","slug":"le-ministre-des-affaires-economiques-signe-un-accord-de-financement-avec-la-bid-pour-lextension-de-lhopital-de-cardiologie","status":"publish","type":"post","link":"https:\/\/ami.mr\/fr\/archives\/281101","title":{"rendered":"Le ministre des Affaires \u00e9conomiques signe un accord de financement avec la BID pour l&#8217;extension de l&#8217;h\u00f4pital de cardiologie"},"content":{"rendered":"<p>Le ministre des Affaires \u00e9conomiques et du D\u00e9veloppement, M. Abdallahi Ould Souleymane Ould Cheikh Sidiya, a sign\u00e9 samedi dernier \u00e0 Washington, en marge des r\u00e9unions annuelles du Groupe de la Banque mondiale et du Fonds mon\u00e9taire international, un accord de financement avec le pr\u00e9sident du Groupe de la Banque islamique de d\u00e9veloppement, M. Mohamed Al-Jasser, pour l&#8217;extension de l&#8217;h\u00f4pital de cardiologie de Nouakchott, d&#8217;un montant de 29,26 millions d&#8217;euros.<\/p>\n<p>Cet accord, conclu en pr\u00e9sence du gouverneur de la Banque centrale de Mauritanie, M. Mohamed Lemine Ould El Dhehbi, vise \u00e0 d\u00e9velopper et agrandir l&#8217;h\u00f4pital en augmentant sa capacit\u00e9 d&#8217;accueil, en renfor\u00e7ant ses \u00e9quipements m\u00e9dicaux et en modernisant ses infrastructures, afin d&#8217;am\u00e9liorer la qualit\u00e9 des services de sant\u00e9 offerts aux citoyens.<\/p>\n<p>Ce projet s&#8217;inscrit dans le cadre des efforts d\u00e9ploy\u00e9s par le gouvernement pour promouvoir le secteur de la sant\u00e9 et renforcer les capacit\u00e9s nationales dans le domaine du traitement des maladies cardiaques.<\/p>\n<p>\u00c0 l&#8217;issue de la c\u00e9r\u00e9monie de signature, les deux parties ont tenu une r\u00e9union de travail consacr\u00e9e aux perspectives de renforcement de la coop\u00e9ration bilat\u00e9rale, notamment en ce qui concerne l&#8217;\u00e9largissement du portefeuille de projets financ\u00e9s par le Groupe de la Banque islamique de d\u00e9veloppement en Mauritanie, ainsi que la contribution du groupe \u00e0 la mobilisation des financements d&#8217;un montant de 2 milliards de dollars annonc\u00e9s par le Groupe de coordination arabe lors de la table ronde qui s&#8217;est tenue r\u00e9cemment \u00e0 Vienne.<\/p>\n","protected":false},"excerpt":{"rendered":"<p>Le ministre des Affaires \u00e9conomiques et du D\u00e9veloppement, M. Abdallahi Ould Souleymane Ould Cheikh Sidiya, a sign\u00e9 samedi dernier \u00e0 Washington, en marge des r\u00e9unions annuelles du Groupe de la Banque mondiale et du Fonds mon\u00e9taire international, un accord de financement avec le pr\u00e9sident du Groupe de la Banque islamique de d\u00e9veloppement, M. Mohamed Al-Jasser, [&hellip;]<\/p>\n","protected":false},"author":17,"featured_media":281102,"comment_status":"open","ping_status":"open","sticky":false,"template":"","format":"standard","meta":{"footnotes":""},"categories":[63920,63957,25],"tags":[],"class_list":["post-281101","post","type-post","status-publish","format-standard","has-post-thumbnail","hentry","category-a-la-une","category-fil-dactualite","category-25"],"_links":{"self":[{"href":"https:\/\/ami.mr\/fr\/wp-json\/wp\/v2\/posts\/281101","targetHints":{"allow":["GET"]}}],"collection":[{"href":"https:\/\/ami.mr\/fr\/wp-json\/wp\/v2\/posts"}],"about":[{"href":"https:\/\/ami.mr\/fr\/wp-json\/wp\/v2\/types\/post"}],"author":[{"embeddable":true,"href":"https:\/\/ami.mr\/fr\/wp-json\/wp\/v2\/users\/17"}],"replies":[{"embeddable":true,"href":"https:\/\/ami.mr\/fr\/wp-json\/wp\/v2\/comments?post=281101"}],"version-history":[{"count":1,"href":"https:\/\/ami.mr\/fr\/wp-json\/wp\/v2\/posts\/281101\/revisions"}],"predecessor-version":[{"id":281103,"href":"https:\/\/ami.mr\/fr\/wp-json\/wp\/v2\/posts\/281101\/revisions\/281103"}],"wp:featuredmedia":[{"embeddable":true,"href":"https:\/\/ami.mr\/fr\/wp-json\/wp\/v2\/media\/281102"}],"wp:attachment":[{"href":"https:\/\/ami.mr\/fr\/wp-json\/wp\/v2\/media?parent=281101"}],"wp:term":[{"taxonomy":"category","embeddable":true,"href":"https:\/\/ami.mr\/fr\/wp-json\/wp\/v2\/categories?post=281101"},{"taxonomy":"post_tag","embeddable":true,"href":"https:\/\/ami.mr\/fr\/wp-json\/wp\/v2\/tags?post=281101"}],"curies":[{"name":"wp","href":"https:\/\/api.w.org\/{rel}","templated":true}]}}