{"id":281031,"date":"2025-10-17T20:47:10","date_gmt":"2025-10-17T20:47:10","guid":{"rendered":"https:\/\/ami.mr\/fr\/?p=281031"},"modified":"2025-10-17T20:47:10","modified_gmt":"2025-10-17T20:47:10","slug":"aioun-organisation-dun-atelier-de-formation-au-profit-des-gestionnaires-financiers-et-administratifs-des-communes","status":"publish","type":"post","link":"https:\/\/ami.mr\/fr\/archives\/281031","title":{"rendered":"Aioun: Organisation d&#8217;un atelier de formation au profit des gestionnaires financiers et administratifs des communes"},"content":{"rendered":"<p>Le conseiller du wali du Hodh El Gharbi pour les affaires \u00e9conomiques et le d\u00e9veloppement local, M. Sidi Mohamed Ould Sidina, a supervis\u00e9, aujourd&#8217;hui vendredi, \u00e0 Aioun, le lancement d&#8217;un atelier de formation organis\u00e9 par la direction g\u00e9n\u00e9rale de la d\u00e9centralisation et du d\u00e9veloppement local au profit des gestionnaires financiers et administratifs et des secr\u00e9taires g\u00e9n\u00e9raux des municipalit\u00e9s.<\/p>\n<p>Le conseiller a soulign\u00e9 dans un discours \u00e0 cette occasion que cet atelier s&#8217;inscrit dans le cadre de la formation continue dans le domaine de la d\u00e9centralisation et du d\u00e9veloppement local au profit des secr\u00e9taires g\u00e9n\u00e9raux et des responsables administratifs et financiers des municipalit\u00e9s de la wilaya.<\/p>\n<p>Il a ajout\u00e9 que les participants recevront des pr\u00e9sentations sur plusieurs sujets, notamment le contr\u00f4le des d\u00e9lib\u00e9rations et des documents municipaux, la pr\u00e9paration et l&#8217;ex\u00e9cution du budget municipal, et les m\u00e9thodes d&#8217;\u00e9laboration du compte administratif.<\/p>\n<p>\u00c0 son tour, le maire de la municipalit\u00e9 d&#8217;Aioun, M. Sidi Mohamed Ould El Bekkay, a salu\u00e9 l&#8217;importance de l&#8217;organisation de cet atelier, d&#8217;autant plus qu&#8217;il cible les gestionnaires administratifs et financiers des collectivit\u00e9s locales, qui sont consid\u00e9r\u00e9s comme la colonne vert\u00e9brale de ces entit\u00e9s.<\/p>\n<p>L&#8217;atelier s&#8217;est d\u00e9roul\u00e9 en pr\u00e9sence de l&#8217;adjoint du hakem de la moughataa d&#8217;Aioun.<\/p>\n","protected":false},"excerpt":{"rendered":"<p>Le conseiller du wali du Hodh El Gharbi pour les affaires \u00e9conomiques et le d\u00e9veloppement local, M. Sidi Mohamed Ould Sidina, a supervis\u00e9, aujourd&#8217;hui vendredi, \u00e0 Aioun, le lancement d&#8217;un atelier de formation organis\u00e9 par la direction g\u00e9n\u00e9rale de la d\u00e9centralisation et du d\u00e9veloppement local au profit des gestionnaires financiers et administratifs et des secr\u00e9taires [&hellip;]<\/p>\n","protected":false},"author":53,"featured_media":281032,"comment_status":"open","ping_status":"open","sticky":false,"template":"","format":"standard","meta":{"footnotes":""},"categories":[63918,63957,63923,8672],"tags":[],"class_list":["post-281031","post","type-post","status-publish","format-standard","has-post-thumbnail","hentry","category-autres","category-fil-dactualite","category-slider-wilayas","category-8672"],"_links":{"self":[{"href":"https:\/\/ami.mr\/fr\/wp-json\/wp\/v2\/posts\/281031","targetHints":{"allow":["GET"]}}],"collection":[{"href":"https:\/\/ami.mr\/fr\/wp-json\/wp\/v2\/posts"}],"about":[{"href":"https:\/\/ami.mr\/fr\/wp-json\/wp\/v2\/types\/post"}],"author":[{"embeddable":true,"href":"https:\/\/ami.mr\/fr\/wp-json\/wp\/v2\/users\/53"}],"replies":[{"embeddable":true,"href":"https:\/\/ami.mr\/fr\/wp-json\/wp\/v2\/comments?post=281031"}],"version-history":[{"count":1,"href":"https:\/\/ami.mr\/fr\/wp-json\/wp\/v2\/posts\/281031\/revisions"}],"predecessor-version":[{"id":281033,"href":"https:\/\/ami.mr\/fr\/wp-json\/wp\/v2\/posts\/281031\/revisions\/281033"}],"wp:featuredmedia":[{"embeddable":true,"href":"https:\/\/ami.mr\/fr\/wp-json\/wp\/v2\/media\/281032"}],"wp:attachment":[{"href":"https:\/\/ami.mr\/fr\/wp-json\/wp\/v2\/media?parent=281031"}],"wp:term":[{"taxonomy":"category","embeddable":true,"href":"https:\/\/ami.mr\/fr\/wp-json\/wp\/v2\/categories?post=281031"},{"taxonomy":"post_tag","embeddable":true,"href":"https:\/\/ami.mr\/fr\/wp-json\/wp\/v2\/tags?post=281031"}],"curies":[{"name":"wp","href":"https:\/\/api.w.org\/{rel}","templated":true}]}}