{"id":281019,"date":"2025-10-17T19:52:34","date_gmt":"2025-10-17T19:52:34","guid":{"rendered":"https:\/\/ami.mr\/fr\/?p=281019"},"modified":"2025-10-17T19:52:34","modified_gmt":"2025-10-17T19:52:34","slug":"le-conseil-regional-de-linchiri-tient-sa-troisieme-session-ordinaire-de-lannee-2025","status":"publish","type":"post","link":"https:\/\/ami.mr\/fr\/archives\/281019","title":{"rendered":"Le Conseil r\u00e9gional de l&#8217;Inchiri tient sa troisi\u00e8me session ordinaire de l&#8217;ann\u00e9e 2025"},"content":{"rendered":"<p>Le Conseil r\u00e9gional de l&#8217;Inchiri a tenu, aujourd&#8217;hui vendredi, sa troisi\u00e8me session ordinaire de l&#8217;ann\u00e9e 2025, sous la pr\u00e9sidence du pr\u00e9sident de la r\u00e9gion, M. Cheikh Maalainine Abeidi El Gharabi, en pr\u00e9sence du wali de l&#8217;Inchiri, M. Idrissa Demba Korera.<\/p>\n<p>Cette session a \u00e9t\u00e9 consacr\u00e9e \u00e0 la pr\u00e9sentation d&#8217;un rapport sur les r\u00e9alisations de la r\u00e9gion entre la session actuelle et la pr\u00e9c\u00e9dente, \u00e0 l&#8217;\u00e9tude de l&#8217;organisation de la Coupe du Pr\u00e9sident de la r\u00e9gion de l&#8217;Inchiri de football, ainsi qu&#8217;\u00e0 d&#8217;autres points divers.<\/p>\n<p>Lors de l&#8217;ouverture des travaux de la session, le pr\u00e9sident de la r\u00e9gion a pr\u00e9sent\u00e9 un expos\u00e9 sur les activit\u00e9s du Conseil entre les deux sessions et les perspectives d&#8217;avenir, conform\u00e9ment au plan adopt\u00e9 pour renforcer le d\u00e9veloppement local et se concentrer sur le soutien aux couches vuln\u00e9rables et aux personnes ayant des besoins sp\u00e9ciaux, en ex\u00e9cution du programme de Son Excellence le Pr\u00e9sident de la R\u00e9publique, M. Mohamed Ould Cheikh El Ghazouani.<\/p>\n","protected":false},"excerpt":{"rendered":"<p>Le Conseil r\u00e9gional de l&#8217;Inchiri a tenu, aujourd&#8217;hui vendredi, sa troisi\u00e8me session ordinaire de l&#8217;ann\u00e9e 2025, sous la pr\u00e9sidence du pr\u00e9sident de la r\u00e9gion, M. Cheikh Maalainine Abeidi El Gharabi, en pr\u00e9sence du wali de l&#8217;Inchiri, M. Idrissa Demba Korera. Cette session a \u00e9t\u00e9 consacr\u00e9e \u00e0 la pr\u00e9sentation d&#8217;un rapport sur les r\u00e9alisations de la [&hellip;]<\/p>\n","protected":false},"author":53,"featured_media":281020,"comment_status":"open","ping_status":"open","sticky":false,"template":"","format":"standard","meta":{"footnotes":""},"categories":[63918,63957,63923,8672],"tags":[],"class_list":["post-281019","post","type-post","status-publish","format-standard","has-post-thumbnail","hentry","category-autres","category-fil-dactualite","category-slider-wilayas","category-8672"],"_links":{"self":[{"href":"https:\/\/ami.mr\/fr\/wp-json\/wp\/v2\/posts\/281019","targetHints":{"allow":["GET"]}}],"collection":[{"href":"https:\/\/ami.mr\/fr\/wp-json\/wp\/v2\/posts"}],"about":[{"href":"https:\/\/ami.mr\/fr\/wp-json\/wp\/v2\/types\/post"}],"author":[{"embeddable":true,"href":"https:\/\/ami.mr\/fr\/wp-json\/wp\/v2\/users\/53"}],"replies":[{"embeddable":true,"href":"https:\/\/ami.mr\/fr\/wp-json\/wp\/v2\/comments?post=281019"}],"version-history":[{"count":1,"href":"https:\/\/ami.mr\/fr\/wp-json\/wp\/v2\/posts\/281019\/revisions"}],"predecessor-version":[{"id":281021,"href":"https:\/\/ami.mr\/fr\/wp-json\/wp\/v2\/posts\/281019\/revisions\/281021"}],"wp:featuredmedia":[{"embeddable":true,"href":"https:\/\/ami.mr\/fr\/wp-json\/wp\/v2\/media\/281020"}],"wp:attachment":[{"href":"https:\/\/ami.mr\/fr\/wp-json\/wp\/v2\/media?parent=281019"}],"wp:term":[{"taxonomy":"category","embeddable":true,"href":"https:\/\/ami.mr\/fr\/wp-json\/wp\/v2\/categories?post=281019"},{"taxonomy":"post_tag","embeddable":true,"href":"https:\/\/ami.mr\/fr\/wp-json\/wp\/v2\/tags?post=281019"}],"curies":[{"name":"wp","href":"https:\/\/api.w.org\/{rel}","templated":true}]}}