{"id":280666,"date":"2025-10-13T18:47:36","date_gmt":"2025-10-13T18:47:36","guid":{"rendered":"https:\/\/ami.mr\/fr\/?p=280666"},"modified":"2025-10-13T18:47:36","modified_gmt":"2025-10-13T18:47:36","slug":"le-ministre-des-affaires-etrangeres-recoit-lambassadrice-ditalie-4","status":"publish","type":"post","link":"https:\/\/ami.mr\/fr\/archives\/280666","title":{"rendered":"Le ministre des Affaires \u00e9trang\u00e8res re\u00e7oit l&#8217;ambassadrice d&#8217;Italie"},"content":{"rendered":"<div class=\"row\">\n<div class=\"cell auto-size bd-gray\" dir=\"ltr\"><\/div>\n<\/div>\n<div class=\"row\">\n<div class=\"cell auto-size\">\n<div class=\"set-border bd-gray padding10 margin10 no-margin-right no-margin-left \" dir=\"ltr\">\n<p>Le ministre des Affaires \u00e9trang\u00e8res, de la Coop\u00e9ration africaine et des Mauritaniens de l&#8217;Ext\u00e9rieur, M. Mohamed Salem Ould Merzoug, a re\u00e7u, lundi \u00e0 Nouakchott, SEMme Laura Botta, ambassadrice de la R\u00e9publique d&#8217;Italie accr\u00e9dit\u00e9e aupr\u00e8s de la Mauritanie.<\/p>\n<p>Au cours de la rencontre, les relations bilat\u00e9rales entre les deux pays et les moyens de les renforcer et de les d\u00e9velopper dans l&#8217;int\u00e9r\u00eat mutuel ont \u00e9t\u00e9 pass\u00e9s en revue, en plus d\u2019un \u00e9change de point de vue sur un certain nombre de questions d&#8217;int\u00e9r\u00eat commun.<\/p>\n<p>M. Cheikh Abbe, ambassadeur Directeur Europe \u00e0 la Direction G\u00e9n\u00e9rale de la Coop\u00e9ration Bilat\u00e9rale au Minist\u00e8re, a assist\u00e9 \u00e0 la rencontre.<\/p>\n<\/div>\n<\/div>\n<\/div>\n","protected":false},"excerpt":{"rendered":"<p>Le ministre des Affaires \u00e9trang\u00e8res, de la Coop\u00e9ration africaine et des Mauritaniens de l&#8217;Ext\u00e9rieur, M. Mohamed Salem Ould Merzoug, a re\u00e7u, lundi \u00e0 Nouakchott, SEMme Laura Botta, ambassadrice de la R\u00e9publique d&#8217;Italie accr\u00e9dit\u00e9e aupr\u00e8s de la Mauritanie. Au cours de la rencontre, les relations bilat\u00e9rales entre les deux pays et les moyens de les renforcer [&hellip;]<\/p>\n","protected":false},"author":8,"featured_media":280667,"comment_status":"open","ping_status":"open","sticky":false,"template":"","format":"standard","meta":{"footnotes":""},"categories":[63918,63957],"tags":[],"class_list":["post-280666","post","type-post","status-publish","format-standard","has-post-thumbnail","hentry","category-autres","category-fil-dactualite"],"_links":{"self":[{"href":"https:\/\/ami.mr\/fr\/wp-json\/wp\/v2\/posts\/280666","targetHints":{"allow":["GET"]}}],"collection":[{"href":"https:\/\/ami.mr\/fr\/wp-json\/wp\/v2\/posts"}],"about":[{"href":"https:\/\/ami.mr\/fr\/wp-json\/wp\/v2\/types\/post"}],"author":[{"embeddable":true,"href":"https:\/\/ami.mr\/fr\/wp-json\/wp\/v2\/users\/8"}],"replies":[{"embeddable":true,"href":"https:\/\/ami.mr\/fr\/wp-json\/wp\/v2\/comments?post=280666"}],"version-history":[{"count":1,"href":"https:\/\/ami.mr\/fr\/wp-json\/wp\/v2\/posts\/280666\/revisions"}],"predecessor-version":[{"id":280668,"href":"https:\/\/ami.mr\/fr\/wp-json\/wp\/v2\/posts\/280666\/revisions\/280668"}],"wp:featuredmedia":[{"embeddable":true,"href":"https:\/\/ami.mr\/fr\/wp-json\/wp\/v2\/media\/280667"}],"wp:attachment":[{"href":"https:\/\/ami.mr\/fr\/wp-json\/wp\/v2\/media?parent=280666"}],"wp:term":[{"taxonomy":"category","embeddable":true,"href":"https:\/\/ami.mr\/fr\/wp-json\/wp\/v2\/categories?post=280666"},{"taxonomy":"post_tag","embeddable":true,"href":"https:\/\/ami.mr\/fr\/wp-json\/wp\/v2\/tags?post=280666"}],"curies":[{"name":"wp","href":"https:\/\/api.w.org\/{rel}","templated":true}]}}