{"id":280645,"date":"2025-10-13T15:21:53","date_gmt":"2025-10-13T15:21:53","guid":{"rendered":"https:\/\/ami.mr\/fr\/?p=280645"},"modified":"2025-10-13T15:21:53","modified_gmt":"2025-10-13T15:21:53","slug":"le-president-de-la-republique-recoit-un-rapport-sur-les-preparatifs-du-dialogue-national-attendu","status":"publish","type":"post","link":"https:\/\/ami.mr\/fr\/archives\/280645","title":{"rendered":"Le Pr\u00e9sident de la R\u00e9publique re\u00e7oit un rapport sur les pr\u00e9paratifs du dialogue national attendu"},"content":{"rendered":"<p>Son Excellence le Pr\u00e9sident de la R\u00e9publique, Monsieur Mohamed Ould Cheikh El Ghazouani, a re\u00e7u, lundi, le rapport comprenant les visions et positions des partis politiques et des forces nationales concernant le dialogue national en perspective, remis par son coordinateur, M. Moussa Fall,<\/p>\n<p>La remise de ce rapport marque la fin de la premi\u00e8re phase des pr\u00e9paratifs du dialogue national inclusif, promis par Son Excellence le Pr\u00e9sident de la R\u00e9publique dans le cadre de son programme &#8220;Mon ambition pour la patrie&#8221;.<\/p>\n","protected":false},"excerpt":{"rendered":"<p>Son Excellence le Pr\u00e9sident de la R\u00e9publique, Monsieur Mohamed Ould Cheikh El Ghazouani, a re\u00e7u, lundi, le rapport comprenant les visions et positions des partis politiques et des forces nationales concernant le dialogue national en perspective, remis par son coordinateur, M. Moussa Fall, La remise de ce rapport marque la fin de la premi\u00e8re phase [&hellip;]<\/p>\n","protected":false},"author":2,"featured_media":280646,"comment_status":"open","ping_status":"open","sticky":false,"template":"","format":"standard","meta":{"footnotes":""},"categories":[63919,63957,63959,63921,63927],"tags":[],"class_list":["post-280645","post","type-post","status-publish","format-standard","has-post-thumbnail","hentry","category-choix-du-redacteur","category-fil-dactualite","category-mauritanie","category-slider-afficher","category-slider-mauritanie"],"_links":{"self":[{"href":"https:\/\/ami.mr\/fr\/wp-json\/wp\/v2\/posts\/280645","targetHints":{"allow":["GET"]}}],"collection":[{"href":"https:\/\/ami.mr\/fr\/wp-json\/wp\/v2\/posts"}],"about":[{"href":"https:\/\/ami.mr\/fr\/wp-json\/wp\/v2\/types\/post"}],"author":[{"embeddable":true,"href":"https:\/\/ami.mr\/fr\/wp-json\/wp\/v2\/users\/2"}],"replies":[{"embeddable":true,"href":"https:\/\/ami.mr\/fr\/wp-json\/wp\/v2\/comments?post=280645"}],"version-history":[{"count":1,"href":"https:\/\/ami.mr\/fr\/wp-json\/wp\/v2\/posts\/280645\/revisions"}],"predecessor-version":[{"id":280647,"href":"https:\/\/ami.mr\/fr\/wp-json\/wp\/v2\/posts\/280645\/revisions\/280647"}],"wp:featuredmedia":[{"embeddable":true,"href":"https:\/\/ami.mr\/fr\/wp-json\/wp\/v2\/media\/280646"}],"wp:attachment":[{"href":"https:\/\/ami.mr\/fr\/wp-json\/wp\/v2\/media?parent=280645"}],"wp:term":[{"taxonomy":"category","embeddable":true,"href":"https:\/\/ami.mr\/fr\/wp-json\/wp\/v2\/categories?post=280645"},{"taxonomy":"post_tag","embeddable":true,"href":"https:\/\/ami.mr\/fr\/wp-json\/wp\/v2\/tags?post=280645"}],"curies":[{"name":"wp","href":"https:\/\/api.w.org\/{rel}","templated":true}]}}