{"id":280503,"date":"2025-10-09T21:54:13","date_gmt":"2025-10-09T21:54:13","guid":{"rendered":"https:\/\/ami.mr\/fr\/?p=280503"},"modified":"2025-10-09T21:54:13","modified_gmt":"2025-10-09T21:54:13","slug":"lambassade-dallemagne-organise-une-reception-a-loccasion-du-jour-de-lunite-allemande","status":"publish","type":"post","link":"https:\/\/ami.mr\/fr\/archives\/280503","title":{"rendered":"L&#8217;ambassade d&#8217;Allemagne organise une r\u00e9ception \u00e0 l&#8217;occasion du Jour de l&#8217;Unit\u00e9 allemande"},"content":{"rendered":"<p>L&#8217;ambassade de la R\u00e9publique f\u00e9d\u00e9rale d&#8217;Allemagne a organis\u00e9, ce jeudi soir, \u00e0 Nouakchott, une r\u00e9ception \u00e0 l&#8217;occasion du 35\u00e8me anniversaire du Jour de l&#8217;Unit\u00e9 allemande.<\/p>\n<p>Le gouvernement \u00e9tait repr\u00e9sent\u00e9 \u00e0 cette c\u00e9r\u00e9monie par le Ministre des Affaires \u00e9trang\u00e8res, de la Coop\u00e9ration africaine et des Mauritaniens de l&#8217;Ext\u00e9rieur, M. Mohamed Salem Ould Merzoug, et le Conseiller \u00e0 la Pr\u00e9sidence de la R\u00e9publique, M. Harouna Traor\u00e9.<\/p>\n<p>Dans son discours de circonstance, l&#8217;Ambassadeur d&#8217;Allemagne accr\u00e9dit\u00e9 en Mauritanie, Son Excellence Dr. Florian Reindel, a exprim\u00e9 sa joie d&#8217;accueillir cette c\u00e9r\u00e9monie qui comm\u00e9more le Jour de l&#8217;Unit\u00e9 allemande, soulignant que le 3 octobre repr\u00e9sente pour l&#8217;Allemagne un jour de joie, car c&#8217;est \u00e0 cette date, en 1990, que l&#8217;Allemagne a \u00e9t\u00e9 r\u00e9unifi\u00e9e, un \u00e9v\u00e9nement dont des millions de personnes ont r\u00eav\u00e9, et qui reste un symbole des valeurs de libert\u00e9, d&#8217;unit\u00e9 et de d\u00e9mocratie.<\/p>\n<p>L&#8217;Ambassadeur a expliqu\u00e9 que cette ann\u00e9e rev\u00eat un caract\u00e8re particulier dans le cours des relations mauritano-allemandes, marquant le 65\u00e8me anniversaire de l&#8217;\u00e9tablissement des relations diplomatiques entre les deux pays, notant que la coop\u00e9ration entre la Mauritanie et l&#8217;Allemagne a des racines bien plus profondes, depuis l&#8217;arriv\u00e9e du navire brandebourgeois \u00ab Roter L\u00f6we \u00bb (Le Lion Rouge) sur l&#8217;\u00eele d&#8217;Arguin en 1685, marquant le d\u00e9but des \u00e9changes commerciaux entre l&#8217;\u00c9mir du Trarza et le Prince allemand de Brandebourg.<\/p>\n<p>Il a ajout\u00e9 que les soixante-cinq derni\u00e8res ann\u00e9es ont vu le d\u00e9veloppement d&#8217;un partenariat solide et enracin\u00e9 entre les deux pays, couvrant les domaines politique, \u00e9conomique et culturel, en plus de la formation professionnelle, de la s\u00e9curit\u00e9 et de la coop\u00e9ration au d\u00e9veloppement.<\/p>\n<p>Il a indiqu\u00e9 qu&#8217;\u00e0 cette occasion, l&#8217;ambassade a pr\u00e9par\u00e9 un livret documentaire retra\u00e7ant les principales \u00e9tapes des relations bilat\u00e9rales au cours de ces d\u00e9cennies, qui a \u00e9t\u00e9 distribu\u00e9 aux participants.<\/p>\n<p>L&#8217;Ambassadeur a pr\u00e9cis\u00e9 que l&#8217;ambassade a organis\u00e9, en collaboration avec l&#8217;Institut Fran\u00e7ais et le Goethe-Institut, la troisi\u00e8me Semaine du Cin\u00e9ma Allemand \u00e0 Nouakchott, pour c\u00e9l\u00e9brer cet anniversaire, o\u00f9 sont projet\u00e9s un ensemble de films racontant des histoires de l&#8217;Allemagne de l&#8217;Est et de l&#8217;Ouest, refl\u00e9tant les d\u00e9fis et les espoirs qui ont accompagn\u00e9 le processus d&#8217;unification. Il a invit\u00e9 les participants \u00e0 assister au c\u00e9l\u00e8bre film allemand &#8220;Good Bye, Lenin !&#8221; demain soir \u00e0 l&#8217;Institut Fran\u00e7ais.<\/p>\n<p>L&#8217;Ambassadeur a soulign\u00e9 que cette c\u00e9l\u00e9bration est une occasion de renouveler les liens d&#8217;amiti\u00e9 et d&#8217;estime mutuelle entre les deux peuples, notant que de simples symboles de la vie quotidienne incarnent la profondeur de cette relation, tels que les voitures Mercedes 190 qui font partie du paysage mauritanien depuis des d\u00e9cennies, et refl\u00e8tent l&#8217;esprit de pers\u00e9v\u00e9rance et de cr\u00e9ativit\u00e9 des deux peuples.<\/p>\n<p>Il a expliqu\u00e9 qu&#8217;\u00e0 cette occasion, l&#8217;ambassade a organis\u00e9 un concours de photographie sur ce patrimoine culturel unique, soulignant que les photos participantes ont refl\u00e9t\u00e9 la cr\u00e9ativit\u00e9 et le lien \u00e9troit entre les deux pays.<\/p>\n<p>L&#8217;Ambassadeur a annonc\u00e9 que M. Mohamed Yahya Mohamed El Mokhtar a remport\u00e9 la premi\u00e8re place et a \u00e9t\u00e9 honor\u00e9 lors de la c\u00e9r\u00e9monie.<\/p>\n<p>Ont assist\u00e9 \u00e0 la c\u00e9r\u00e9monie l&#8217;Ambassadeur Directeur G\u00e9n\u00e9ral de la Direction de la Coop\u00e9ration Bilat\u00e9rale au Minist\u00e8re des Affaires \u00e9trang\u00e8res, M. Mohamed El Hanchi El Kettab, l&#8217;Ambassadeur Directeur Europe \u00e0 la Direction G\u00e9n\u00e9rale de la Coop\u00e9ration Bilat\u00e9rale, M. Cheikh Ould Ebe, et l&#8217;Ambassadeur Directeur du Protocole au Minist\u00e8re, M. Mohamed Diop, ainsi qu&#8217;un certain nombre de membres du corps diplomatique accr\u00e9dit\u00e9 en Mauritanie, et des repr\u00e9sentants des partis politiques et des personnalit\u00e9s culturelles.<\/p>\n","protected":false},"excerpt":{"rendered":"<p>L&#8217;ambassade de la R\u00e9publique f\u00e9d\u00e9rale d&#8217;Allemagne a organis\u00e9, ce jeudi soir, \u00e0 Nouakchott, une r\u00e9ception \u00e0 l&#8217;occasion du 35\u00e8me anniversaire du Jour de l&#8217;Unit\u00e9 allemande. Le gouvernement \u00e9tait repr\u00e9sent\u00e9 \u00e0 cette c\u00e9r\u00e9monie par le Ministre des Affaires \u00e9trang\u00e8res, de la Coop\u00e9ration africaine et des Mauritaniens de l&#8217;Ext\u00e9rieur, M. Mohamed Salem Ould Merzoug, et le Conseiller [&hellip;]<\/p>\n","protected":false},"author":5,"featured_media":280504,"comment_status":"open","ping_status":"open","sticky":false,"template":"","format":"standard","meta":{"footnotes":""},"categories":[63918,63957,63959,63927],"tags":[],"class_list":["post-280503","post","type-post","status-publish","format-standard","has-post-thumbnail","hentry","category-autres","category-fil-dactualite","category-mauritanie","category-slider-mauritanie"],"_links":{"self":[{"href":"https:\/\/ami.mr\/fr\/wp-json\/wp\/v2\/posts\/280503","targetHints":{"allow":["GET"]}}],"collection":[{"href":"https:\/\/ami.mr\/fr\/wp-json\/wp\/v2\/posts"}],"about":[{"href":"https:\/\/ami.mr\/fr\/wp-json\/wp\/v2\/types\/post"}],"author":[{"embeddable":true,"href":"https:\/\/ami.mr\/fr\/wp-json\/wp\/v2\/users\/5"}],"replies":[{"embeddable":true,"href":"https:\/\/ami.mr\/fr\/wp-json\/wp\/v2\/comments?post=280503"}],"version-history":[{"count":1,"href":"https:\/\/ami.mr\/fr\/wp-json\/wp\/v2\/posts\/280503\/revisions"}],"predecessor-version":[{"id":280505,"href":"https:\/\/ami.mr\/fr\/wp-json\/wp\/v2\/posts\/280503\/revisions\/280505"}],"wp:featuredmedia":[{"embeddable":true,"href":"https:\/\/ami.mr\/fr\/wp-json\/wp\/v2\/media\/280504"}],"wp:attachment":[{"href":"https:\/\/ami.mr\/fr\/wp-json\/wp\/v2\/media?parent=280503"}],"wp:term":[{"taxonomy":"category","embeddable":true,"href":"https:\/\/ami.mr\/fr\/wp-json\/wp\/v2\/categories?post=280503"},{"taxonomy":"post_tag","embeddable":true,"href":"https:\/\/ami.mr\/fr\/wp-json\/wp\/v2\/tags?post=280503"}],"curies":[{"name":"wp","href":"https:\/\/api.w.org\/{rel}","templated":true}]}}