{"id":280469,"date":"2025-10-09T18:42:43","date_gmt":"2025-10-09T18:42:43","guid":{"rendered":"https:\/\/ami.mr\/fr\/?p=280469"},"modified":"2025-10-09T18:42:43","modified_gmt":"2025-10-09T18:42:43","slug":"commemoration-de-la-journee-mondiale-de-la-poste","status":"publish","type":"post","link":"https:\/\/ami.mr\/fr\/archives\/280469","title":{"rendered":"Comm\u00e9moration de la Journ\u00e9e mondiale de la poste"},"content":{"rendered":"<p>La Soci\u00e9t\u00e9 Mauritanienne des Postes (Mauripost) a c\u00e9l\u00e9br\u00e9 jeudi \u00e0 Nouakchott la Journ\u00e9e mondiale de la poste et de la promotion des services postaux et financiers, organis\u00e9e cette ann\u00e9e sous le th\u00e8me \u00ab Un service local, une port\u00e9e mondiale \u00bb.<\/p>\n<p>Cet \u00e9v\u00e9nement annuel, qui incarne l&#8217;esprit de solidarit\u00e9 et de communication entre les peuples, vise \u00e0 rappeler le r\u00f4le historique et humanitaire profond que joue le secteur postal depuis plus d&#8217;un si\u00e8cle et demi.<\/p>\n<p>Le secr\u00e9taire g\u00e9n\u00e9ral du minist\u00e8re de la Transformation num\u00e9rique et de la Modernisation de l&#8217;administration, M. Khaled Abidine Sidi, a indiqu\u00e9 dans un discours prononc\u00e9 \u00e0 cette occasion que la c\u00e9l\u00e9bration de la Journ\u00e9e mondiale de la poste n&#8217;est pas seulement un \u00e9v\u00e9nement symbolique, mais une \u00e9tape essentielle pour renouveler l&#8217;engagement envers les valeurs de la poste en tant que pont entre les nations, vecteur du patrimoine des g\u00e9n\u00e9rations et moteur du d\u00e9veloppement, afin de r\u00e9affirmer la volont\u00e9 de renforcer le r\u00f4le de la poste en tant que moyen efficace de liaison entre les individus, les communaut\u00e9s et les \u00c9tats.<\/p>\n<p>Il a ajout\u00e9 que le minist\u00e8re \u00e9tait conscient de l&#8217;ampleur des d\u00e9fis auxquels sont confront\u00e9s les travailleurs du secteur postal, dont certains sont dus \u00e0 la faiblesse de la culture postale et aux d\u00e9s\u00e9quilibres structurels que conna\u00eet le secteur, ainsi qu&#8217;au fait de travailler dans des r\u00e9gions recul\u00e9es et dans des conditions difficiles. N\u00e9anmoins, les \u00e9quipes postales continuent de travailler sans rel\u00e2che pour fournir des services postaux et financiers \u00e0 toutes les cat\u00e9gories de la soci\u00e9t\u00e9, en particulier les groupes vuln\u00e9rables et les habitants des zones rurales recul\u00e9es.<\/p>\n<p>Il a rappel\u00e9 qu&#8217;aujourd&#8217;hui, dans tous les pays, la poste est devenue un r\u00e9seau multidimensionnel qui d\u00e9passe sa fonction traditionnelle pour jouer des r\u00f4les \u00e9conomiques, sociaux et num\u00e9riques int\u00e9gr\u00e9s, soulignant que l&#8217;institution postale n&#8217;est plus un simple transporteur de courrier, mais est devenue un acteur central du d\u00e9veloppement qui fournit des services financiers num\u00e9riques et joue un r\u00f4le central dans le commerce \u00e9lectronique et dans la r\u00e9alisation de l&#8217;inclusion financi\u00e8re et sociale.<\/p>\n<p>De son c\u00f4t\u00e9, le directeur g\u00e9n\u00e9ral de Mauripost, M. Ali Issa, a indiqu\u00e9 dans une d\u00e9claration \u00e0 l&#8217;Agence mauritanienne d&#8217;Information que cette journ\u00e9e portes ouvertes avait pour but de faire conna\u00eetre les services postaux et financiers propos\u00e9s par la Poste mauritanienne, tant \u00e0 Nouakchott que dans toutes ses agences \u00e0 travers le pays, qui couvrent la plupart des r\u00e9gions.<\/p>\n<p>Il a ajout\u00e9 que la soci\u00e9t\u00e9 cherche \u00e0 transformer les services financiers postaux en une banque postale, invitant tous les citoyens \u00e0 faire confiance au r\u00e9seau postal national, consid\u00e9r\u00e9 comme un partenaire fiable qui offre un service public accessible \u00e0 tous \u00e0 des prix comp\u00e9titifs, et capable de r\u00e9pondre aux besoins quotidiens li\u00e9s \u00e0 la transition num\u00e9rique et administrative dans le cadre du renouveau global que conna\u00eet le pays.<\/p>\n<p>Nous rappelons que la c\u00e9l\u00e9bration de la Journ\u00e9e mondiale de la poste comm\u00e9more l&#8217;adoption du trait\u00e9 de Berne le 9 octobre 1874, qui a fond\u00e9 l&#8217;Union postale universelle et jet\u00e9 les bases d&#8217;un r\u00e9seau postal international unifi\u00e9. Cette date a \u00e9t\u00e9 officiellement adopt\u00e9e lors de la conf\u00e9rence de l&#8217;Union postale universelle \u00e0 Tokyo en 1969, afin de sensibiliser le grand public au r\u00f4le central des services postaux dans la vie quotidienne des individus et des communaut\u00e9s.<\/p>\n<p>La c\u00e9r\u00e9monie a \u00e9t\u00e9 inaugur\u00e9e en pr\u00e9sence du secr\u00e9taire g\u00e9n\u00e9ral du minist\u00e8re des Finances, du secr\u00e9taire g\u00e9n\u00e9ral du minist\u00e8re des Affaires islamiques et de l&#8217;Enseignement original, ainsi que d&#8217;un certain nombre de cadres du secteur de la transformation num\u00e9rique et de Mauripost.<\/p>\n","protected":false},"excerpt":{"rendered":"<p>La Soci\u00e9t\u00e9 Mauritanienne des Postes (Mauripost) a c\u00e9l\u00e9br\u00e9 jeudi \u00e0 Nouakchott la Journ\u00e9e mondiale de la poste et de la promotion des services postaux et financiers, organis\u00e9e cette ann\u00e9e sous le th\u00e8me \u00ab Un service local, une port\u00e9e mondiale \u00bb. Cet \u00e9v\u00e9nement annuel, qui incarne l&#8217;esprit de solidarit\u00e9 et de communication entre les peuples, vise [&hellip;]<\/p>\n","protected":false},"author":5,"featured_media":280471,"comment_status":"open","ping_status":"open","sticky":false,"template":"","format":"standard","meta":{"footnotes":""},"categories":[63918,63957,63959,63927],"tags":[],"class_list":["post-280469","post","type-post","status-publish","format-standard","has-post-thumbnail","hentry","category-autres","category-fil-dactualite","category-mauritanie","category-slider-mauritanie"],"_links":{"self":[{"href":"https:\/\/ami.mr\/fr\/wp-json\/wp\/v2\/posts\/280469","targetHints":{"allow":["GET"]}}],"collection":[{"href":"https:\/\/ami.mr\/fr\/wp-json\/wp\/v2\/posts"}],"about":[{"href":"https:\/\/ami.mr\/fr\/wp-json\/wp\/v2\/types\/post"}],"author":[{"embeddable":true,"href":"https:\/\/ami.mr\/fr\/wp-json\/wp\/v2\/users\/5"}],"replies":[{"embeddable":true,"href":"https:\/\/ami.mr\/fr\/wp-json\/wp\/v2\/comments?post=280469"}],"version-history":[{"count":1,"href":"https:\/\/ami.mr\/fr\/wp-json\/wp\/v2\/posts\/280469\/revisions"}],"predecessor-version":[{"id":280472,"href":"https:\/\/ami.mr\/fr\/wp-json\/wp\/v2\/posts\/280469\/revisions\/280472"}],"wp:featuredmedia":[{"embeddable":true,"href":"https:\/\/ami.mr\/fr\/wp-json\/wp\/v2\/media\/280471"}],"wp:attachment":[{"href":"https:\/\/ami.mr\/fr\/wp-json\/wp\/v2\/media?parent=280469"}],"wp:term":[{"taxonomy":"category","embeddable":true,"href":"https:\/\/ami.mr\/fr\/wp-json\/wp\/v2\/categories?post=280469"},{"taxonomy":"post_tag","embeddable":true,"href":"https:\/\/ami.mr\/fr\/wp-json\/wp\/v2\/tags?post=280469"}],"curies":[{"name":"wp","href":"https:\/\/api.w.org\/{rel}","templated":true}]}}