{"id":280417,"date":"2025-10-08T23:13:14","date_gmt":"2025-10-08T23:13:14","guid":{"rendered":"https:\/\/ami.mr\/fr\/?p=280417"},"modified":"2025-10-08T23:13:14","modified_gmt":"2025-10-08T23:13:14","slug":"le-premier-ministre-preside-une-reunion-sur-louverture-de-lannee-scolaire","status":"publish","type":"post","link":"https:\/\/ami.mr\/fr\/archives\/280417","title":{"rendered":"Le Premier ministre pr\u00e9side une r\u00e9union sur l&#8217;ouverture de l&#8217;ann\u00e9e scolaire"},"content":{"rendered":"<div class=\"cell auto-size\">\n<div class=\"set-border bd-gray padding10 margin10 no-margin-right no-margin-left \" dir=\"ltr\">\n<p>Son Excellence le Premier ministre, M. El Moctar Ould Djay, a pr\u00e9sid\u00e9, ce mercredi, dans la salle de r\u00e9union des locaux du Premier minist\u00e8re, une r\u00e9union sur l&#8217;ouverture de l&#8217;ann\u00e9e scolaire, deux jours apr\u00e8s son lancement effectif.<\/p>\n<p>Son Excellence le Premier ministre a d\u00e9clar\u00e9 que la r\u00e9union fait suite aux directives de Son Excellence le Pr\u00e9sident de la R\u00e9publique, M. Mohamed Ould Cheikh El Ghazouani, afin de suivre de pr\u00e8s la situation de l&#8217;ouverture, de conna\u00eetre le contexte g\u00e9n\u00e9ral dans lequel elle s&#8217;est d\u00e9roul\u00e9e, le degr\u00e9 de r\u00e9ponse aux exigences de l&#8217;\u00e9cole r\u00e9publicaine, ainsi que les difficult\u00e9s et les lacunes qui subsistent et qui doivent \u00eatre surmont\u00e9es.<\/p>\n<p>Le secteur concern\u00e9 a pr\u00e9sent\u00e9 des rapports et des \u00e9valuations qui ont mis en \u00e9vidence le d\u00e9passement des principales lacunes li\u00e9es aux b\u00e2timents, aux \u00e9quipes d&#8217;encadrement et aux formations pr\u00e9paratoires requises, ainsi qu&#8217;une interaction positive avec l&#8217;exploitation du syst\u00e8me technique Sirage, ce qui rend les pr\u00e9visions scolaires bien meilleures cette ann\u00e9e, malgr\u00e9 les lacunes objectives qui sont en cours de r\u00e9solution.<\/p>\n<p>Apr\u00e8s avoir \u00e9cout\u00e9 les diff\u00e9rentes pr\u00e9sentations, Son Excellence le Premier ministre a ordonn\u00e9 de prendre conscience du noble message de r\u00e9forme de ce secteur et de la n\u00e9cessit\u00e9 d&#8217;un travail s\u00e9rieux et continu pour combler les lacunes et accompagner les r\u00e9formes entreprises afin d&#8217;atteindre les objectifs souhait\u00e9s du processus \u00e9ducatif.<\/p>\n<p>Son Excellence a \u00e9galement ordonn\u00e9 de faire face de mani\u00e8re d\u00e9cisive aux comportements inacceptables, notamment l&#8217;absent\u00e9isme, le non-respect de l&#8217;ach\u00e8vement du temps d&#8217;enseignement et le non-respect des r\u00e8gles p\u00e9dagogiques du syst\u00e8me Sirage.<\/p>\n<\/div>\n<\/div>\n","protected":false},"excerpt":{"rendered":"<p>Son Excellence le Premier ministre, M. El Moctar Ould Djay, a pr\u00e9sid\u00e9, ce mercredi, dans la salle de r\u00e9union des locaux du Premier minist\u00e8re, une r\u00e9union sur l&#8217;ouverture de l&#8217;ann\u00e9e scolaire, deux jours apr\u00e8s son lancement effectif. Son Excellence le Premier ministre a d\u00e9clar\u00e9 que la r\u00e9union fait suite aux directives de Son Excellence le [&hellip;]<\/p>\n","protected":false},"author":5,"featured_media":280418,"comment_status":"open","ping_status":"open","sticky":false,"template":"","format":"standard","meta":{"footnotes":""},"categories":[63957,63959,63921,63927],"tags":[],"class_list":["post-280417","post","type-post","status-publish","format-standard","has-post-thumbnail","hentry","category-fil-dactualite","category-mauritanie","category-slider-afficher","category-slider-mauritanie"],"_links":{"self":[{"href":"https:\/\/ami.mr\/fr\/wp-json\/wp\/v2\/posts\/280417","targetHints":{"allow":["GET"]}}],"collection":[{"href":"https:\/\/ami.mr\/fr\/wp-json\/wp\/v2\/posts"}],"about":[{"href":"https:\/\/ami.mr\/fr\/wp-json\/wp\/v2\/types\/post"}],"author":[{"embeddable":true,"href":"https:\/\/ami.mr\/fr\/wp-json\/wp\/v2\/users\/5"}],"replies":[{"embeddable":true,"href":"https:\/\/ami.mr\/fr\/wp-json\/wp\/v2\/comments?post=280417"}],"version-history":[{"count":1,"href":"https:\/\/ami.mr\/fr\/wp-json\/wp\/v2\/posts\/280417\/revisions"}],"predecessor-version":[{"id":280419,"href":"https:\/\/ami.mr\/fr\/wp-json\/wp\/v2\/posts\/280417\/revisions\/280419"}],"wp:featuredmedia":[{"embeddable":true,"href":"https:\/\/ami.mr\/fr\/wp-json\/wp\/v2\/media\/280418"}],"wp:attachment":[{"href":"https:\/\/ami.mr\/fr\/wp-json\/wp\/v2\/media?parent=280417"}],"wp:term":[{"taxonomy":"category","embeddable":true,"href":"https:\/\/ami.mr\/fr\/wp-json\/wp\/v2\/categories?post=280417"},{"taxonomy":"post_tag","embeddable":true,"href":"https:\/\/ami.mr\/fr\/wp-json\/wp\/v2\/tags?post=280417"}],"curies":[{"name":"wp","href":"https:\/\/api.w.org\/{rel}","templated":true}]}}