{"id":279384,"date":"2025-09-24T17:12:45","date_gmt":"2025-09-24T17:12:45","guid":{"rendered":"https:\/\/ami.mr\/fr\/?p=279384"},"modified":"2025-09-24T17:12:45","modified_gmt":"2025-09-24T17:12:45","slug":"nouadhibou-reunion-du-comite-regional-de-vigilance-et-de-preparation-a-la-prochaine-rentree-scolaire","status":"publish","type":"post","link":"https:\/\/ami.mr\/fr\/archives\/279384","title":{"rendered":"Nouadhibou: r\u00e9union du Comit\u00e9 r\u00e9gional de vigilance et de pr\u00e9paration \u00e0 la prochaine rentr\u00e9e scolaire"},"content":{"rendered":"<p>Le wali de Dakhlet Nouadhibou, M. Mahi Ould Hamed, a pr\u00e9sid\u00e9, mercredi \u00e0 Nouadhibou, une r\u00e9union du Comit\u00e9 r\u00e9gional de vigilance et de suivi de l&#8217;ann\u00e9e scolaire 2025-2026.<\/p>\n<p>Il a soulign\u00e9 que \u2018\u2019cette r\u00e9union intervient \u00e0 la veille de l&#8217;ouverture de l&#8217;ann\u00e9e scolaire pour d&#8217;examiner l&#8217;\u00e9tat des infrastructures scolaires, d&#8217;identifier les lacunes et de bien pr\u00e9parer le d\u00e9but de la nouvelle ann\u00e9e scolaire\u2019\u2019.<\/p>\n<p>Au cours de la r\u00e9union, des pr\u00e9sentations ont \u00e9t\u00e9 faites concernant la situation g\u00e9n\u00e9rale des \u00e9coles et des enseignants dans la wilaya, la n\u00e9cessit\u00e9 de fournir des uniformes scolaires et de combler le manque de tables scolaires, ainsi que la situation de l&#8217;enseignement pr\u00e9scolaire et le nombre de jardins d&#8217;enfants publics et priv\u00e9s, de m\u00eame que l&#8217;\u00e9tat des \u00e9coles en construction et les d\u00e9lais pr\u00e9vus pour leur ach\u00e8vement et leur mise en service au d\u00e9but de la nouvelle ann\u00e9e scolaire.<\/p>\n<p>Ont assist\u00e9 \u00e0 la r\u00e9union : le conseiller du wali charg\u00e9 des affaires \u00e9conomiques et du d\u00e9veloppement local, le hakem de la moughataa de Nouadhibou, le vice-pr\u00e9sident de la r\u00e9gion, le pr\u00e9sident de l&#8217;Association r\u00e9gionale des maires de la wilaya de Dakhlet Nouadhibou, le maire de la commune d&#8217;Inal, des repr\u00e9sentants de la zone franche et de la Fondation SNIM, l&#8217;association des parents d&#8217;\u00e9l\u00e8ves, ainsi que certains directeurs r\u00e9gionaux et membres du Comit\u00e9 r\u00e9gional de vigilance et de suivi de la nouvelle ann\u00e9e scolaire.<\/p>\n","protected":false},"excerpt":{"rendered":"<p>Le wali de Dakhlet Nouadhibou, M. Mahi Ould Hamed, a pr\u00e9sid\u00e9, mercredi \u00e0 Nouadhibou, une r\u00e9union du Comit\u00e9 r\u00e9gional de vigilance et de suivi de l&#8217;ann\u00e9e scolaire 2025-2026. Il a soulign\u00e9 que \u2018\u2019cette r\u00e9union intervient \u00e0 la veille de l&#8217;ouverture de l&#8217;ann\u00e9e scolaire pour d&#8217;examiner l&#8217;\u00e9tat des infrastructures scolaires, d&#8217;identifier les lacunes et de bien [&hellip;]<\/p>\n","protected":false},"author":5,"featured_media":279385,"comment_status":"open","ping_status":"open","sticky":false,"template":"","format":"standard","meta":{"footnotes":""},"categories":[63920,63957,8672],"tags":[],"class_list":["post-279384","post","type-post","status-publish","format-standard","has-post-thumbnail","hentry","category-a-la-une","category-fil-dactualite","category-8672"],"_links":{"self":[{"href":"https:\/\/ami.mr\/fr\/wp-json\/wp\/v2\/posts\/279384","targetHints":{"allow":["GET"]}}],"collection":[{"href":"https:\/\/ami.mr\/fr\/wp-json\/wp\/v2\/posts"}],"about":[{"href":"https:\/\/ami.mr\/fr\/wp-json\/wp\/v2\/types\/post"}],"author":[{"embeddable":true,"href":"https:\/\/ami.mr\/fr\/wp-json\/wp\/v2\/users\/5"}],"replies":[{"embeddable":true,"href":"https:\/\/ami.mr\/fr\/wp-json\/wp\/v2\/comments?post=279384"}],"version-history":[{"count":1,"href":"https:\/\/ami.mr\/fr\/wp-json\/wp\/v2\/posts\/279384\/revisions"}],"predecessor-version":[{"id":279386,"href":"https:\/\/ami.mr\/fr\/wp-json\/wp\/v2\/posts\/279384\/revisions\/279386"}],"wp:featuredmedia":[{"embeddable":true,"href":"https:\/\/ami.mr\/fr\/wp-json\/wp\/v2\/media\/279385"}],"wp:attachment":[{"href":"https:\/\/ami.mr\/fr\/wp-json\/wp\/v2\/media?parent=279384"}],"wp:term":[{"taxonomy":"category","embeddable":true,"href":"https:\/\/ami.mr\/fr\/wp-json\/wp\/v2\/categories?post=279384"},{"taxonomy":"post_tag","embeddable":true,"href":"https:\/\/ami.mr\/fr\/wp-json\/wp\/v2\/tags?post=279384"}],"curies":[{"name":"wp","href":"https:\/\/api.w.org\/{rel}","templated":true}]}}