{"id":279378,"date":"2025-09-24T16:41:36","date_gmt":"2025-09-24T16:41:36","guid":{"rendered":"https:\/\/ami.mr\/fr\/?p=279378"},"modified":"2025-09-24T16:41:36","modified_gmt":"2025-09-24T16:41:36","slug":"le-ministre-de-la-justice-visite-plusieurs-directions-centrales-de-son-departement","status":"publish","type":"post","link":"https:\/\/ami.mr\/fr\/archives\/279378","title":{"rendered":"Le ministre de la Justice visite plusieurs directions centrales de son d\u00e9partement"},"content":{"rendered":"<p>Le ministre de la Justice, M. Mohamed Ould Soueidatt, a effectu\u00e9, mercredi, des visites d&#8217;information dans plusieurs directions centrales de son d\u00e9partement, dont les ressources humaines, la l\u00e9gislation, les affaires civiles et sceau, les finances, les affaires p\u00e9nales et gr\u00e2ce, la coop\u00e9ration et coop\u00e9ration judiciaire internationale, la num\u00e9risation et innovation technologique, l&#8217;inspection g\u00e9n\u00e9rale de l&#8217;administration judiciaire et des prisons, la protection judiciaire de l&#8217;enfance, et le bureau de gestion des biens gel\u00e9s, saisis et confisqu\u00e9s et de recouvrement des avoirs criminels.<\/p>\n<p>Au cours de ces visites, le ministre a re\u00e7u des explications des responsables de ces services sur les m\u00e9canismes de travail en vigueur.<\/p>\n<p>A l\u2019issue de la visite, le ministre a fait une d\u00e9claration \u00e0 l&#8217;Agence Mauritanienne d&#8217;Information dans laquelle il a indiqu\u00e9 que \u2018\u2019cette visite s&#8217;inscrit dans le cadre des efforts du gouvernement visant \u00e0 acc\u00e9l\u00e9rer le rythme de la mise en \u0153uvre des programmes ambitieux de Son Excellence le Pr\u00e9sident de la R\u00e9publique, Monsieur Mohamed Ould Cheikh El Ghazouani\u2019\u2019, lui a permettant de prendre connaissance sur le terrain des conditions de travail de ces services et d&#8217;\u00e9couter leurs responsables.<\/p>\n<p>Le ministre \u00e9tait accompagn\u00e9, au cours de cette visite, par le conseiller charg\u00e9 de la coop\u00e9ration, secr\u00e9taire g\u00e9n\u00e9ral par int\u00e9rim, M. Amar Ould El Ghassem, et plusieurs cadres du d\u00e9partement.<\/p>\n","protected":false},"excerpt":{"rendered":"<p>Le ministre de la Justice, M. Mohamed Ould Soueidatt, a effectu\u00e9, mercredi, des visites d&#8217;information dans plusieurs directions centrales de son d\u00e9partement, dont les ressources humaines, la l\u00e9gislation, les affaires civiles et sceau, les finances, les affaires p\u00e9nales et gr\u00e2ce, la coop\u00e9ration et coop\u00e9ration judiciaire internationale, la num\u00e9risation et innovation technologique, l&#8217;inspection g\u00e9n\u00e9rale de l&#8217;administration [&hellip;]<\/p>\n","protected":false},"author":5,"featured_media":279382,"comment_status":"open","ping_status":"open","sticky":false,"template":"","format":"standard","meta":{"footnotes":""},"categories":[63920,63957,63959,63927],"tags":[],"class_list":["post-279378","post","type-post","status-publish","format-standard","has-post-thumbnail","hentry","category-a-la-une","category-fil-dactualite","category-mauritanie","category-slider-mauritanie"],"_links":{"self":[{"href":"https:\/\/ami.mr\/fr\/wp-json\/wp\/v2\/posts\/279378","targetHints":{"allow":["GET"]}}],"collection":[{"href":"https:\/\/ami.mr\/fr\/wp-json\/wp\/v2\/posts"}],"about":[{"href":"https:\/\/ami.mr\/fr\/wp-json\/wp\/v2\/types\/post"}],"author":[{"embeddable":true,"href":"https:\/\/ami.mr\/fr\/wp-json\/wp\/v2\/users\/5"}],"replies":[{"embeddable":true,"href":"https:\/\/ami.mr\/fr\/wp-json\/wp\/v2\/comments?post=279378"}],"version-history":[{"count":1,"href":"https:\/\/ami.mr\/fr\/wp-json\/wp\/v2\/posts\/279378\/revisions"}],"predecessor-version":[{"id":279383,"href":"https:\/\/ami.mr\/fr\/wp-json\/wp\/v2\/posts\/279378\/revisions\/279383"}],"wp:featuredmedia":[{"embeddable":true,"href":"https:\/\/ami.mr\/fr\/wp-json\/wp\/v2\/media\/279382"}],"wp:attachment":[{"href":"https:\/\/ami.mr\/fr\/wp-json\/wp\/v2\/media?parent=279378"}],"wp:term":[{"taxonomy":"category","embeddable":true,"href":"https:\/\/ami.mr\/fr\/wp-json\/wp\/v2\/categories?post=279378"},{"taxonomy":"post_tag","embeddable":true,"href":"https:\/\/ami.mr\/fr\/wp-json\/wp\/v2\/tags?post=279378"}],"curies":[{"name":"wp","href":"https:\/\/api.w.org\/{rel}","templated":true}]}}