{"id":279333,"date":"2025-09-23T19:04:58","date_gmt":"2025-09-23T19:04:58","guid":{"rendered":"https:\/\/ami.mr\/fr\/?p=279333"},"modified":"2025-09-23T19:04:58","modified_gmt":"2025-09-23T19:04:58","slug":"le-ministre-des-affaires-etrangeres-rencontre-la-vice-ministre-autrichienne-des-affaires-etrangeres","status":"publish","type":"post","link":"https:\/\/ami.mr\/fr\/archives\/279333","title":{"rendered":"Le ministre des Affaires \u00e9trang\u00e8res rencontre la vice-ministre autrichienne des Affaires \u00e9trang\u00e8res"},"content":{"rendered":"<div class=\"row\"><\/div>\n<div class=\"row\">\n<div class=\"cell auto-size\">\n<div class=\"set-border bd-gray padding10 margin10 no-margin-right no-margin-left \" dir=\"ltr\">\n<p>Le ministre des Affaires \u00e9trang\u00e8res, de la Coop\u00e9ration africaine et des Mauritaniens \u00e0 l&#8217;\u00e9tranger, M. Mohamed Salem Ould Merzoug, a rencontr\u00e9 mardi \u00e0 New York, en marge de la 80e session de l&#8217;Assembl\u00e9e g\u00e9n\u00e9rale des Nations unies, Son Excellence Mme Hannah Leko, vice-ministre des Affaires \u00e9trang\u00e8res et directrice politique au minist\u00e8re f\u00e9d\u00e9ral de l&#8217;Union europ\u00e9enne et des Affaires internationales de l&#8217;Autriche. La rencontre a port\u00e9 sur les relations bilat\u00e9rales et les questions d&#8217;int\u00e9r\u00eat commun.<\/p>\n<p>L\u2019entretien a eu lieu en pr\u00e9sence de M. Sidi Mohamed Laghdaf, Repr\u00e9sentant permanent de la Mauritanie aupr\u00e8s des Nations Unies, de M. Mohamed Ben Tettah, Ambassadeur charg\u00e9 de mission au cabinet du ministre, de Mme Mariem Sow, Ambassadrice, Directrice Afrique \u00e0 la Direction g\u00e9n\u00e9rale de la coop\u00e9ration bilat\u00e9rale, M. Mohamed Diop, Ambassadeur, Directeur du protocole et M. Baba Mohamed, premier Conseiller \u00e0 notre Mission permanente \u00e0 New York.<\/p>\n<\/div>\n<\/div>\n<\/div>\n","protected":false},"excerpt":{"rendered":"<p>Le ministre des Affaires \u00e9trang\u00e8res, de la Coop\u00e9ration africaine et des Mauritaniens \u00e0 l&#8217;\u00e9tranger, M. Mohamed Salem Ould Merzoug, a rencontr\u00e9 mardi \u00e0 New York, en marge de la 80e session de l&#8217;Assembl\u00e9e g\u00e9n\u00e9rale des Nations unies, Son Excellence Mme Hannah Leko, vice-ministre des Affaires \u00e9trang\u00e8res et directrice politique au minist\u00e8re f\u00e9d\u00e9ral de l&#8217;Union europ\u00e9enne [&hellip;]<\/p>\n","protected":false},"author":8,"featured_media":279334,"comment_status":"open","ping_status":"open","sticky":false,"template":"","format":"standard","meta":{"footnotes":""},"categories":[63918,63957],"tags":[],"class_list":["post-279333","post","type-post","status-publish","format-standard","has-post-thumbnail","hentry","category-autres","category-fil-dactualite"],"_links":{"self":[{"href":"https:\/\/ami.mr\/fr\/wp-json\/wp\/v2\/posts\/279333","targetHints":{"allow":["GET"]}}],"collection":[{"href":"https:\/\/ami.mr\/fr\/wp-json\/wp\/v2\/posts"}],"about":[{"href":"https:\/\/ami.mr\/fr\/wp-json\/wp\/v2\/types\/post"}],"author":[{"embeddable":true,"href":"https:\/\/ami.mr\/fr\/wp-json\/wp\/v2\/users\/8"}],"replies":[{"embeddable":true,"href":"https:\/\/ami.mr\/fr\/wp-json\/wp\/v2\/comments?post=279333"}],"version-history":[{"count":1,"href":"https:\/\/ami.mr\/fr\/wp-json\/wp\/v2\/posts\/279333\/revisions"}],"predecessor-version":[{"id":279335,"href":"https:\/\/ami.mr\/fr\/wp-json\/wp\/v2\/posts\/279333\/revisions\/279335"}],"wp:featuredmedia":[{"embeddable":true,"href":"https:\/\/ami.mr\/fr\/wp-json\/wp\/v2\/media\/279334"}],"wp:attachment":[{"href":"https:\/\/ami.mr\/fr\/wp-json\/wp\/v2\/media?parent=279333"}],"wp:term":[{"taxonomy":"category","embeddable":true,"href":"https:\/\/ami.mr\/fr\/wp-json\/wp\/v2\/categories?post=279333"},{"taxonomy":"post_tag","embeddable":true,"href":"https:\/\/ami.mr\/fr\/wp-json\/wp\/v2\/tags?post=279333"}],"curies":[{"name":"wp","href":"https:\/\/api.w.org\/{rel}","templated":true}]}}