{"id":278967,"date":"2025-09-17T12:43:12","date_gmt":"2025-09-17T12:43:12","guid":{"rendered":"https:\/\/ami.mr\/fr\/?p=278967"},"modified":"2025-09-17T12:47:39","modified_gmt":"2025-09-17T12:47:39","slug":"touil-le-commissariat-a-la-securite-alimentaire-apporte-une-aide-aux-personnes-touchees-par-les-pluies-dans-le-village-dachweif","status":"publish","type":"post","link":"https:\/\/ami.mr\/fr\/archives\/278967","title":{"rendered":"Touil : Le Commissariat \u00e0 la s\u00e9curit\u00e9 alimentaire apporte une aide aux personnes touch\u00e9es par les pluies dans le village d&#8217;Achweif"},"content":{"rendered":"<div class=\"cell auto-size\">\n<div class=\"set-border bd-gray padding10 margin10 no-margin-right no-margin-left \" dir=\"ltr\">\n<p>Le Commissariat \u00e0 la s\u00e9curit\u00e9 alimentaire a fourni mardi une aide alimentaire et \u00e9quip\u00e9 des abris pour des dizaines de familles touch\u00e9es par les pluies dans le village d&#8217;Achweif, situ\u00e9 dans la commune centrale de la moughataa de Touil, wilaya du Hodh El Gharbi.<\/p>\n<p>La distribution de cette aide a \u00e9t\u00e9 supervis\u00e9e par le hakem de la moughataa de Touil, M. El Hacen Ould Sid Ahmed Rchid, accompagn\u00e9 du repr\u00e9sentant r\u00e9gional du Commissariat dans la moughataa, M. Mohamed Abdallahi Ould El Ghaouth.<\/p>\n<p>Cinquante-deux familles touch\u00e9es par les temp\u00eates et les pluies dans le village ont b\u00e9n\u00e9fici\u00e9 de cette aide. Plus de 2,8 tonnes de denr\u00e9es alimentaires de premi\u00e8re n\u00e9cessit\u00e9 ont \u00e9t\u00e9 distribu\u00e9es, ainsi que 27 abris \u00e9quip\u00e9s de matelas et de couvertures pour les familles les plus touch\u00e9es.<\/p>\n<p>Cette aide s&#8217;inscrit dans le cadre de l&#8217;engagement du Commissariat \u00e0 accompagner et \u00e0 soutenir les citoyens touch\u00e9s, conform\u00e9ment aux directives de Son Excellence le Pr\u00e9sident de la R\u00e9publique, M. Mohamed Ould Cheikh El Ghazouani, relatives \u00e0 la n\u00e9cessit\u00e9 d&#8217;\u00eatre proche des citoyens les plus vuln\u00e9rables et de leur apporter une assistance en cas de besoin.<\/p>\n<p>La distribution de l&#8217;aide s&#8217;est d\u00e9roul\u00e9e en pr\u00e9sence du maire de Touil, M. Lemana Ould Moustapha Abeidi, et d\u2019autres responsables locaux.<\/p>\n<\/div>\n<\/div>\n","protected":false},"excerpt":{"rendered":"<p>Le Commissariat \u00e0 la s\u00e9curit\u00e9 alimentaire a fourni mardi une aide alimentaire et \u00e9quip\u00e9 des abris pour des dizaines de familles touch\u00e9es par les pluies dans le village d&#8217;Achweif, situ\u00e9 dans la commune centrale de la moughataa de Touil, wilaya du Hodh El Gharbi. La distribution de cette aide a \u00e9t\u00e9 supervis\u00e9e par le hakem [&hellip;]<\/p>\n","protected":false},"author":10,"featured_media":278968,"comment_status":"open","ping_status":"open","sticky":false,"template":"","format":"standard","meta":{"footnotes":""},"categories":[63918,63957,8672],"tags":[],"class_list":["post-278967","post","type-post","status-publish","format-standard","has-post-thumbnail","hentry","category-autres","category-fil-dactualite","category-8672"],"_links":{"self":[{"href":"https:\/\/ami.mr\/fr\/wp-json\/wp\/v2\/posts\/278967","targetHints":{"allow":["GET"]}}],"collection":[{"href":"https:\/\/ami.mr\/fr\/wp-json\/wp\/v2\/posts"}],"about":[{"href":"https:\/\/ami.mr\/fr\/wp-json\/wp\/v2\/types\/post"}],"author":[{"embeddable":true,"href":"https:\/\/ami.mr\/fr\/wp-json\/wp\/v2\/users\/10"}],"replies":[{"embeddable":true,"href":"https:\/\/ami.mr\/fr\/wp-json\/wp\/v2\/comments?post=278967"}],"version-history":[{"count":3,"href":"https:\/\/ami.mr\/fr\/wp-json\/wp\/v2\/posts\/278967\/revisions"}],"predecessor-version":[{"id":278971,"href":"https:\/\/ami.mr\/fr\/wp-json\/wp\/v2\/posts\/278967\/revisions\/278971"}],"wp:featuredmedia":[{"embeddable":true,"href":"https:\/\/ami.mr\/fr\/wp-json\/wp\/v2\/media\/278968"}],"wp:attachment":[{"href":"https:\/\/ami.mr\/fr\/wp-json\/wp\/v2\/media?parent=278967"}],"wp:term":[{"taxonomy":"category","embeddable":true,"href":"https:\/\/ami.mr\/fr\/wp-json\/wp\/v2\/categories?post=278967"},{"taxonomy":"post_tag","embeddable":true,"href":"https:\/\/ami.mr\/fr\/wp-json\/wp\/v2\/tags?post=278967"}],"curies":[{"name":"wp","href":"https:\/\/api.w.org\/{rel}","templated":true}]}}