{"id":278897,"date":"2025-09-16T11:59:06","date_gmt":"2025-09-16T11:59:06","guid":{"rendered":"https:\/\/ami.mr\/fr\/?p=278897"},"modified":"2025-09-16T11:59:06","modified_gmt":"2025-09-16T11:59:06","slug":"la-fondation-mohammed-vi-des-oulemas-africains-prime-les-laureats-de-la-troisieme-edition-du-concours-du-hadith-nabawi-acharif","status":"publish","type":"post","link":"https:\/\/ami.mr\/fr\/archives\/278897","title":{"rendered":"La Fondation Mohammed VI des Oul\u00e9mas Africains prime les laur\u00e9ats de la troisi\u00e8me \u00e9dition du concours du hadith Nabawi Acharif"},"content":{"rendered":"<p>Le Secr\u00e9taire g\u00e9n\u00e9ral du minist\u00e8re des Affaires Islamiques et de l&#8217;Enseignement originel, M. Baitallah Ould Ahmed Lessouad, a pr\u00e9sid\u00e9 une c\u00e9r\u00e9monie en l&#8217;honneur des laur\u00e9ats de la deuxi\u00e8me \u00e9dition du Concours de Hadith Proph\u00e9tique de la Fondation Mohammed VI des Oul\u00e9mas Africains, qui a vu la participation de 413 candidats.<\/p>\n<p>Lors de la c\u00e9r\u00e9monie, en pr\u00e9sence de SE l\u2019Ambassadeur du Maroc, M. Ahmed Chabar, les trois premiers laur\u00e9ats de chaque cat\u00e9gorie du concours, organis\u00e9 par la Fondation Mohammed VI dans toutes ses sections en Afrique, ont \u00e9t\u00e9 prim\u00e9s. Les \u00e9preuves finales donneront lieu \u00e0 la remise du grand prix.<\/p>\n<p>Ce concours vise \u00e0 raviver la solidarit\u00e9 islamique, l\u00e0 promouvoir la Sunna du proph\u00e8te, \u00e0 combattre l&#8217;extr\u00e9misme et le fanatisme et \u00e0 pr\u00f4ner la mod\u00e9ration et l&#8217;\u00e9quilibre.<\/p>\n<p>Il vise \u00e9galement \u00e0 guider la jeunesse africaine et \u00e0 l&#8217;encourager \u00e0 pr\u00eater attention aux hadiths du Proph\u00e8te (paix et b\u00e9n\u00e9dictions d&#8217;Allah sur lui), \u00e0 approfondir sa connaissance des enseignements de la Sunna proph\u00e9tique et \u00e0 diffuser les valeurs humaines, en s&#8217;inspirant des vertus de Proph\u00e8te Mohamed (psl) et de ses Compagnons.<\/p>\n<p>Dans son allocution \u00e0 cette occasion, le secr\u00e9taire g\u00e9n\u00e9ral du minist\u00e8re des Affaires islamiques et de l&#8217;Enseignement originel a soulign\u00e9 que l&#8217;organisation de tels \u00e9v\u00e9nements consolide une approche saine et mod\u00e9r\u00e9e et offre aux jeunes g\u00e9n\u00e9rations une arme de connaissance islamique solide, capable de les prot\u00e9ger des id\u00e9es destructrices et d&#8217;inculquer des valeurs islamiques tol\u00e9rantes.<\/p>\n<p>Il a ajout\u00e9 que cette d\u00e9marche traduit la haute consid\u00e9ration que Son Excellence le Pr\u00e9sident de la R\u00e9publique, M. Mohamed Ould Cheikh El Ghazouani, porte aux affaires religieuses, comme en t\u00e9moignent la restauration de la Mahadra Chinguettienne et la cr\u00e9ation d&#8217;un prix national novateur visant \u00e0 encourager la m\u00e9morisation du Coran et la pr\u00e9servation du prestigieux patrimoine scientifique de la Mahadra.<\/p>\n<p>Il a ajout\u00e9 que l&#8217;organisation de ce prestigieux concours scientifique t\u00e9moigne du grand souci que cette institution porte \u00e0 la pr\u00e9servation des constantes religieuses communes, \u00e0 la sauvegarde des r\u00e9f\u00e9rences authentiques et \u00e0 l&#8217;encouragement d&#8217;un esprit de comp\u00e9tition au service de la Sunna du Proph\u00e8te (paix et b\u00e9n\u00e9dictions d&#8217;Allah sur lui), par la m\u00e9morisation, la compr\u00e9hension et la communication. Il a soulign\u00e9 les solides relations fraternelles qui unissent la R\u00e9publique islamique de Mauritanie et le Royaume du Maroc fr\u00e8re.<\/p>\n<p>Pour sa part, Cheikh Bouna Omar Ly, pr\u00e9sident de la section mauritanienne de la Fondation Mohammed VI des Savants Africains, a d\u00e9clar\u00e9 que cette institution, fond\u00e9e par le Roi Mohammed VI du Maroc en 2015, a ouvert 48 bureaux en Afrique, visant \u00e0 favoriser l&#8217;\u00e9change d&#8217;exp\u00e9riences et la compr\u00e9hension mutuelle entre les oul\u00e9mas africains, afin qu&#8217;ils puissent suivre des voies saines, favorisant la mod\u00e9ration et l&#8217;\u00e9quilibre. Il a soulign\u00e9 que l&#8217;institution se consacre \u00e0 la pr\u00e9servation des constantes religieuses qui font la renomm\u00e9e de la r\u00e9gion et organise des concours de Coran, de Hadith et de manuscrits afin de pr\u00e9server le patrimoine religieux africain dans toutes ses branches en Afrique.<\/p>\n<p>Il a \u00e9galement f\u00e9licit\u00e9 et remerci\u00e9 les participants, soulignant que finalement ils sont tous des laur\u00e9ats pour avoir m\u00e9moris\u00e9 et \u00e9tudi\u00e9 la Sunna du Messager d\u2019Allah pendant ce mois sacr\u00e9 de l\u2019Aid Al Mawlid Nabawi.<\/p>\n","protected":false},"excerpt":{"rendered":"<p>Le Secr\u00e9taire g\u00e9n\u00e9ral du minist\u00e8re des Affaires Islamiques et de l&#8217;Enseignement originel, M. Baitallah Ould Ahmed Lessouad, a pr\u00e9sid\u00e9 une c\u00e9r\u00e9monie en l&#8217;honneur des laur\u00e9ats de la deuxi\u00e8me \u00e9dition du Concours de Hadith Proph\u00e9tique de la Fondation Mohammed VI des Oul\u00e9mas Africains, qui a vu la participation de 413 candidats. Lors de la c\u00e9r\u00e9monie, en [&hellip;]<\/p>\n","protected":false},"author":21,"featured_media":278898,"comment_status":"open","ping_status":"open","sticky":false,"template":"","format":"standard","meta":{"footnotes":""},"categories":[63918,63957,63959],"tags":[],"class_list":["post-278897","post","type-post","status-publish","format-standard","has-post-thumbnail","hentry","category-autres","category-fil-dactualite","category-mauritanie"],"_links":{"self":[{"href":"https:\/\/ami.mr\/fr\/wp-json\/wp\/v2\/posts\/278897","targetHints":{"allow":["GET"]}}],"collection":[{"href":"https:\/\/ami.mr\/fr\/wp-json\/wp\/v2\/posts"}],"about":[{"href":"https:\/\/ami.mr\/fr\/wp-json\/wp\/v2\/types\/post"}],"author":[{"embeddable":true,"href":"https:\/\/ami.mr\/fr\/wp-json\/wp\/v2\/users\/21"}],"replies":[{"embeddable":true,"href":"https:\/\/ami.mr\/fr\/wp-json\/wp\/v2\/comments?post=278897"}],"version-history":[{"count":1,"href":"https:\/\/ami.mr\/fr\/wp-json\/wp\/v2\/posts\/278897\/revisions"}],"predecessor-version":[{"id":278899,"href":"https:\/\/ami.mr\/fr\/wp-json\/wp\/v2\/posts\/278897\/revisions\/278899"}],"wp:featuredmedia":[{"embeddable":true,"href":"https:\/\/ami.mr\/fr\/wp-json\/wp\/v2\/media\/278898"}],"wp:attachment":[{"href":"https:\/\/ami.mr\/fr\/wp-json\/wp\/v2\/media?parent=278897"}],"wp:term":[{"taxonomy":"category","embeddable":true,"href":"https:\/\/ami.mr\/fr\/wp-json\/wp\/v2\/categories?post=278897"},{"taxonomy":"post_tag","embeddable":true,"href":"https:\/\/ami.mr\/fr\/wp-json\/wp\/v2\/tags?post=278897"}],"curies":[{"name":"wp","href":"https:\/\/api.w.org\/{rel}","templated":true}]}}