{"id":278893,"date":"2025-09-16T11:14:05","date_gmt":"2025-09-16T11:14:05","guid":{"rendered":"https:\/\/ami.mr\/fr\/?p=278893"},"modified":"2025-09-16T11:14:05","modified_gmt":"2025-09-16T11:14:05","slug":"lancement-de-la-semaine-nationale-de-la-culture-et-des-arts-dans-la-wilaya-du-trarza","status":"publish","type":"post","link":"https:\/\/ami.mr\/fr\/archives\/278893","title":{"rendered":"Lancement de la Semaine nationale de la culture et des arts dans la wilaya du Trarza"},"content":{"rendered":"<p>Le wali du Trarza, M. Ahmedna Ould Sidibe, a pr\u00e9sid\u00e9, lundi soir \u00e0 Rosso, le lancement de la Semaine nationale de la culture et des arts, organis\u00e9e par le minist\u00e8re de la Culture, des Arts, de la Communication et des Relations avec le Parlement.<\/p>\n<p>L&#8217;\u00e9v\u00e9nement englobe des activit\u00e9s culturelles et artistiques, des spectacles, des concours et une exposition de produits locaux.<\/p>\n<p>Dans son discours d&#8217;ouverture, le wali a soulign\u00e9 l&#8217;importance accord\u00e9e par Son Excellence le Pr\u00e9sident de la R\u00e9publique, M. Mohamed Ould Cheikh El Ghazouani, \u00e0 la culture, aux arts et au tourisme int\u00e9rieur pour leur r\u00f4le dans la pr\u00e9servation de l&#8217;identit\u00e9 nationale, le renforcement de la coh\u00e9sion sociale et le d\u00e9veloppement \u00e9conomique durable.<\/p>\n<p>Il a indiqu\u00e9 que la wilaya du Trarza accueille aujourd&#8217;hui cet \u00e9v\u00e9nement national afin de mettre en valeur la diversit\u00e9 culturelle de notre soci\u00e9t\u00e9, d&#8217;encourager la cr\u00e9ativit\u00e9 et les jeunes talents, et de promouvoir nos remarquables atouts touristiques.<\/p>\n<p>Il a exprim\u00e9 ses sinc\u00e8res remerciements et sa gratitude au minist\u00e8re de la Culture, des Arts, de la Communication et des Relations avec le Parlement pour l&#8217;organisation de cette semaine et pour ses efforts visant \u00e0 promouvoir l&#8217;activit\u00e9 culturelle et artistique au niveau national.<\/p>\n<p>Pour sa part, le maire de Rosso, M. Bamba Ould Darmane, a soulign\u00e9 que l&#8217;organisation de ce festival r\u00e9pond \u00e0 l&#8217;appel de Son Excellence le Pr\u00e9sident de la R\u00e9publique, M. Mohamed Ould Cheikh El Ghazouani visant \u00e0 soutenir le tourisme national, souhaitant plein succ\u00e8s aux organisateurs de l&#8217;\u00e9v\u00e9nement.<\/p>\n<p>De son c\u00f4t\u00e9, la directrice r\u00e9gionale du minist\u00e8re de la Culture, des Arts, de la Communication et des Relations avec le Parlement, Mme Amina Mint Ely Babe, a d\u00e9clar\u00e9 que la troisi\u00e8me \u00e9dition du festival est une occasion de rencontres, d&#8217;\u00e9changes d&#8217;exp\u00e9riences et de mise en valeur du riche patrimoine de la wilaya, reflet de la culture et de l&#8217;authenticit\u00e9 du pays.<\/p>\n<p>La premi\u00e8re soir\u00e9e du festival a \u00e9t\u00e9 marqu\u00e9e par de s\u00e9ances de louanges du Proph\u00e8te (PSL), de sketches et de repr\u00e9sentations du folklore local, qui ont suscit\u00e9 l&#8217;admiration du public.<\/p>\n<p>La c\u00e9r\u00e9monie de lancement de la semaine culturelle s\u2019est d\u00e9roul\u00e9e en pr\u00e9sence du hakem de Rosso, M. Mkhaitrat Ould Mohamed Vall, des responsables de la s\u00e9curit\u00e9, de plusieurs chefs de services r\u00e9gionaux et d\u2019un large public.<\/p>\n","protected":false},"excerpt":{"rendered":"<p>Le wali du Trarza, M. Ahmedna Ould Sidibe, a pr\u00e9sid\u00e9, lundi soir \u00e0 Rosso, le lancement de la Semaine nationale de la culture et des arts, organis\u00e9e par le minist\u00e8re de la Culture, des Arts, de la Communication et des Relations avec le Parlement. L&#8217;\u00e9v\u00e9nement englobe des activit\u00e9s culturelles et artistiques, des spectacles, des concours [&hellip;]<\/p>\n","protected":false},"author":21,"featured_media":278895,"comment_status":"open","ping_status":"open","sticky":false,"template":"","format":"standard","meta":{"footnotes":""},"categories":[63918,63957,8672],"tags":[],"class_list":["post-278893","post","type-post","status-publish","format-standard","has-post-thumbnail","hentry","category-autres","category-fil-dactualite","category-8672"],"_links":{"self":[{"href":"https:\/\/ami.mr\/fr\/wp-json\/wp\/v2\/posts\/278893","targetHints":{"allow":["GET"]}}],"collection":[{"href":"https:\/\/ami.mr\/fr\/wp-json\/wp\/v2\/posts"}],"about":[{"href":"https:\/\/ami.mr\/fr\/wp-json\/wp\/v2\/types\/post"}],"author":[{"embeddable":true,"href":"https:\/\/ami.mr\/fr\/wp-json\/wp\/v2\/users\/21"}],"replies":[{"embeddable":true,"href":"https:\/\/ami.mr\/fr\/wp-json\/wp\/v2\/comments?post=278893"}],"version-history":[{"count":1,"href":"https:\/\/ami.mr\/fr\/wp-json\/wp\/v2\/posts\/278893\/revisions"}],"predecessor-version":[{"id":278896,"href":"https:\/\/ami.mr\/fr\/wp-json\/wp\/v2\/posts\/278893\/revisions\/278896"}],"wp:featuredmedia":[{"embeddable":true,"href":"https:\/\/ami.mr\/fr\/wp-json\/wp\/v2\/media\/278895"}],"wp:attachment":[{"href":"https:\/\/ami.mr\/fr\/wp-json\/wp\/v2\/media?parent=278893"}],"wp:term":[{"taxonomy":"category","embeddable":true,"href":"https:\/\/ami.mr\/fr\/wp-json\/wp\/v2\/categories?post=278893"},{"taxonomy":"post_tag","embeddable":true,"href":"https:\/\/ami.mr\/fr\/wp-json\/wp\/v2\/tags?post=278893"}],"curies":[{"name":"wp","href":"https:\/\/api.w.org\/{rel}","templated":true}]}}