{"id":278560,"date":"2025-09-09T21:21:26","date_gmt":"2025-09-09T21:21:26","guid":{"rendered":"https:\/\/ami.mr\/fr\/?p=278560"},"modified":"2025-09-09T21:21:26","modified_gmt":"2025-09-09T21:21:26","slug":"le-ministere-de-lenergie-et-du-petrole-participe-a-la-conference-gastech-a-milan","status":"publish","type":"post","link":"https:\/\/ami.mr\/fr\/archives\/278560","title":{"rendered":"Le minist\u00e8re de l&#8217;\u00c9nergie et du P\u00e9trole participe \u00e0 la conf\u00e9rence Gastech \u00e0 Milan"},"content":{"rendered":"<div class=\"row\"><\/div>\n<div class=\"row\">\n<div class=\"cell auto-size\">\n<div class=\"set-border bd-gray padding10 margin10 no-margin-right no-margin-left \" dir=\"ltr\">\n<p>Les activit\u00e9s de la conf\u00e9rence &#8220;Gastech&#8221; ont d\u00e9but\u00e9 ce mardi matin \u00e0 Milan, en Italie, avec la participation de notre pays ainsi que de nombreuses d\u00e9l\u00e9gations gouvernementales et de directeurs et pr\u00e9sidents d&#8217;entreprises op\u00e9rant dans le secteur du gaz et de l&#8217;\u00e9nergie.<\/p>\n<p>Dans le cadre de ses activit\u00e9s lors de la conf\u00e9rence, le ministre de l&#8217;\u00c9nergie et du P\u00e9trole, M. Mohamed Ould Khaled, a pris la parole lors de la session minist\u00e9rielle de haut niveau \u00e0 laquelle ont particip\u00e9 le vice-ministre am\u00e9ricain de l&#8217;\u00c9nergie, M. Joshua Falls, le ministre \u00e9gyptien de l&#8217;\u00c9nergie et du P\u00e9trole, M. Karim Badawi, et le secr\u00e9taire g\u00e9n\u00e9ral du Forum international de l&#8217;\u00e9nergie, M. Jasim Shirawi.<\/p>\n<p>Au cours de cette session, le ministre a soulign\u00e9 que la vision \u00e9nerg\u00e9tique de la Mauritanie repose sur trois priorit\u00e9s fondamentales : assurer un acc\u00e8s universel \u00e0 une \u00e9lectricit\u00e9 fiable et \u00e0 moindre co\u00fbt, acc\u00e9l\u00e9rer le d\u00e9veloppement industriel, en particulier dans les secteurs strat\u00e9giques tels que l&#8217;exploitation mini\u00e8re, et positionner le pays comme un centre r\u00e9gional et mondial pour les \u00e9nergies renouvelables.<\/p>\n<p>Le ministre a \u00e9galement particip\u00e9 \u00e0 une table ronde d\u00e9di\u00e9e aux d\u00e9cideurs (Leadership Round Table) sur les politiques, lois et textes r\u00e9glementant l&#8217;\u00e9nergie, la s\u00e9curit\u00e9 \u00e9nerg\u00e9tique et les objectifs li\u00e9s \u00e0 la durabilit\u00e9.<\/p>\n<p>De nombreux ministres, responsables gouvernementaux, d\u00e9cideurs et experts, ainsi qu&#8217;un groupe de consultants accr\u00e9dit\u00e9s aupr\u00e8s des entreprises op\u00e9rant dans le domaine de l&#8217;\u00e9nergie, ont particip\u00e9 \u00e0 cette session.<\/p>\n<p>Par sa participation \u00e0 cette rencontre mondiale, le minist\u00e8re de l&#8217;\u00c9nergie et du P\u00e9trole cherche \u00e0 promouvoir les capacit\u00e9s de la Mauritanie dans le domaine des hydrocarbures, en particulier les capacit\u00e9s du bassin c\u00f4tier et des blocs dont les donn\u00e9es g\u00e9ologiques montrent l&#8217;importance en termes d&#8217;exploration et d&#8217;extraction.<\/p>\n<p>L&#8217;agenda du ministre de l&#8217;\u00c9nergie et du P\u00e9trole, M. Mohamed Ould Khaled, comprend de nombreuses r\u00e9unions et sessions avec des partenaires pour discuter et pr\u00e9senter les opportunit\u00e9s d&#8217;investissement et d&#8217;exploitation du gaz naturel et de l&#8217;hydrog\u00e8ne vert en Mauritanie, renforcer les partenariats et promouvoir la Mauritanie en tant que pays stable et partenaire jouissant de la confiance des partenaires internationaux.<\/p>\n<p>La participation \u00e0 la conf\u00e9rence intervient \u00e9galement \u00e0 un moment o\u00f9 la Mauritanie a commenc\u00e9 la production de gaz du champ de Grand Tortue Ahmeyim (GTA), ce qui a renforc\u00e9 sa position en tant que pays \u00e9nerg\u00e9tique prometteur.<\/p>\n<p>Le Ministre \u00e9tait accompagn\u00e9, lors de sa participation \u00e0 la conf\u00e9rence, par le conseiller charg\u00e9 du secteur p\u00e9trolier et gazier, M. Moustapha B\u00e9chir, et le conseiller charg\u00e9 de la coop\u00e9ration et de la communication, M. Ahmed Fall Mohameden.<\/p>\n<\/div>\n<\/div>\n<\/div>\n","protected":false},"excerpt":{"rendered":"<p>Les activit\u00e9s de la conf\u00e9rence &#8220;Gastech&#8221; ont d\u00e9but\u00e9 ce mardi matin \u00e0 Milan, en Italie, avec la participation de notre pays ainsi que de nombreuses d\u00e9l\u00e9gations gouvernementales et de directeurs et pr\u00e9sidents d&#8217;entreprises op\u00e9rant dans le secteur du gaz et de l&#8217;\u00e9nergie. Dans le cadre de ses activit\u00e9s lors de la conf\u00e9rence, le ministre de [&hellip;]<\/p>\n","protected":false},"author":8,"featured_media":278561,"comment_status":"open","ping_status":"open","sticky":false,"template":"","format":"standard","meta":{"footnotes":""},"categories":[63920,63957],"tags":[],"class_list":["post-278560","post","type-post","status-publish","format-standard","has-post-thumbnail","hentry","category-a-la-une","category-fil-dactualite"],"_links":{"self":[{"href":"https:\/\/ami.mr\/fr\/wp-json\/wp\/v2\/posts\/278560","targetHints":{"allow":["GET"]}}],"collection":[{"href":"https:\/\/ami.mr\/fr\/wp-json\/wp\/v2\/posts"}],"about":[{"href":"https:\/\/ami.mr\/fr\/wp-json\/wp\/v2\/types\/post"}],"author":[{"embeddable":true,"href":"https:\/\/ami.mr\/fr\/wp-json\/wp\/v2\/users\/8"}],"replies":[{"embeddable":true,"href":"https:\/\/ami.mr\/fr\/wp-json\/wp\/v2\/comments?post=278560"}],"version-history":[{"count":1,"href":"https:\/\/ami.mr\/fr\/wp-json\/wp\/v2\/posts\/278560\/revisions"}],"predecessor-version":[{"id":278562,"href":"https:\/\/ami.mr\/fr\/wp-json\/wp\/v2\/posts\/278560\/revisions\/278562"}],"wp:featuredmedia":[{"embeddable":true,"href":"https:\/\/ami.mr\/fr\/wp-json\/wp\/v2\/media\/278561"}],"wp:attachment":[{"href":"https:\/\/ami.mr\/fr\/wp-json\/wp\/v2\/media?parent=278560"}],"wp:term":[{"taxonomy":"category","embeddable":true,"href":"https:\/\/ami.mr\/fr\/wp-json\/wp\/v2\/categories?post=278560"},{"taxonomy":"post_tag","embeddable":true,"href":"https:\/\/ami.mr\/fr\/wp-json\/wp\/v2\/tags?post=278560"}],"curies":[{"name":"wp","href":"https:\/\/api.w.org\/{rel}","templated":true}]}}