{"id":278532,"date":"2025-09-09T18:57:14","date_gmt":"2025-09-09T18:57:14","guid":{"rendered":"https:\/\/ami.mr\/fr\/?p=278532"},"modified":"2025-09-09T18:57:14","modified_gmt":"2025-09-09T18:57:14","slug":"la-mauritanie-condamne-la-lache-agression-israelienne-et-la-violation-flagrante-de-la-souverainete-de-letat-du-qatar","status":"publish","type":"post","link":"https:\/\/ami.mr\/fr\/archives\/278532","title":{"rendered":"La Mauritanie condamne la l\u00e2che agression isra\u00e9lienne et la violation flagrante de la souverainet\u00e9 de l&#8217;\u00c9tat du Qatar"},"content":{"rendered":"<div class=\"row\"><\/div>\n<div class=\"row\">\n<div class=\"cell auto-size\">\n<div class=\"set-border bd-gray padding10 margin10 no-margin-right no-margin-left \" dir=\"ltr\">\n<p>La R\u00e9publique Islamique de Mauritanie a condamn\u00e9, dans les termes les plus fermes, l&#8217;agression isra\u00e9lienne brutale et la violation flagrante de la souverainet\u00e9 de l&#8217;\u00c9tat fr\u00e8re du Qatar.<\/p>\n<p>Ceci a \u00e9t\u00e9 annonc\u00e9 dans un communiqu\u00e9 du Minist\u00e8re des Affaires \u00e9trang\u00e8res, de la Coop\u00e9ration africaine et des Mauritaniens de l&#8217;Ext\u00e9rieur, dont voici le texte:<\/p>\n<p>&#8220;En violation flagrante des conventions et lois internationales, Isra\u00ebl a attaqu\u00e9 aujourd&#8217;hui l&#8217;\u00c9tat fr\u00e8re du Qatar.<\/p>\n<p>Le Minist\u00e8re des Affaires \u00e9trang\u00e8res, de la Coop\u00e9ration africaine et des Mauritaniens de l&#8217;Ext\u00e9rieur, tout en condamnant dans les termes les plus fermes cette violation flagrante de la souverainet\u00e9 d&#8217;un pays ind\u00e9pendant membre des Nations Unies, et en affirmant son soutien \u00e0 l&#8217;\u00c9tat fr\u00e8re du Qatar dans tout ce qui est de nature \u00e0 pr\u00e9server sa s\u00e9curit\u00e9 et la s\u00e9curit\u00e9 de ses citoyens, appelle la communaut\u00e9 internationale \u00e0 traiter avec fermet\u00e9 et rigueur cette agression qui menace la s\u00e9curit\u00e9 et la stabilit\u00e9 dans la r\u00e9gion du Golfe et aggrave la situation de tension qu&#8217;elle conna\u00eet.<\/p>\n<p>Minist\u00e8re des Affaires \u00e9trang\u00e8res, de la Coop\u00e9ration africaine et des Mauritaniens de l&#8217;Ext\u00e9rieur.&#8221;<\/p>\n<\/div>\n<\/div>\n<\/div>\n","protected":false},"excerpt":{"rendered":"<p>La R\u00e9publique Islamique de Mauritanie a condamn\u00e9, dans les termes les plus fermes, l&#8217;agression isra\u00e9lienne brutale et la violation flagrante de la souverainet\u00e9 de l&#8217;\u00c9tat fr\u00e8re du Qatar. Ceci a \u00e9t\u00e9 annonc\u00e9 dans un communiqu\u00e9 du Minist\u00e8re des Affaires \u00e9trang\u00e8res, de la Coop\u00e9ration africaine et des Mauritaniens de l&#8217;Ext\u00e9rieur, dont voici le texte: &#8220;En violation [&hellip;]<\/p>\n","protected":false},"author":8,"featured_media":278533,"comment_status":"open","ping_status":"open","sticky":false,"template":"","format":"standard","meta":{"footnotes":""},"categories":[63957,25,63921,63926],"tags":[],"class_list":["post-278532","post","type-post","status-publish","format-standard","has-post-thumbnail","hentry","category-fil-dactualite","category-25","category-slider-afficher","category-slider-general"],"_links":{"self":[{"href":"https:\/\/ami.mr\/fr\/wp-json\/wp\/v2\/posts\/278532","targetHints":{"allow":["GET"]}}],"collection":[{"href":"https:\/\/ami.mr\/fr\/wp-json\/wp\/v2\/posts"}],"about":[{"href":"https:\/\/ami.mr\/fr\/wp-json\/wp\/v2\/types\/post"}],"author":[{"embeddable":true,"href":"https:\/\/ami.mr\/fr\/wp-json\/wp\/v2\/users\/8"}],"replies":[{"embeddable":true,"href":"https:\/\/ami.mr\/fr\/wp-json\/wp\/v2\/comments?post=278532"}],"version-history":[{"count":1,"href":"https:\/\/ami.mr\/fr\/wp-json\/wp\/v2\/posts\/278532\/revisions"}],"predecessor-version":[{"id":278534,"href":"https:\/\/ami.mr\/fr\/wp-json\/wp\/v2\/posts\/278532\/revisions\/278534"}],"wp:featuredmedia":[{"embeddable":true,"href":"https:\/\/ami.mr\/fr\/wp-json\/wp\/v2\/media\/278533"}],"wp:attachment":[{"href":"https:\/\/ami.mr\/fr\/wp-json\/wp\/v2\/media?parent=278532"}],"wp:term":[{"taxonomy":"category","embeddable":true,"href":"https:\/\/ami.mr\/fr\/wp-json\/wp\/v2\/categories?post=278532"},{"taxonomy":"post_tag","embeddable":true,"href":"https:\/\/ami.mr\/fr\/wp-json\/wp\/v2\/tags?post=278532"}],"curies":[{"name":"wp","href":"https:\/\/api.w.org\/{rel}","templated":true}]}}