{"id":278246,"date":"2025-09-03T21:03:59","date_gmt":"2025-09-03T21:03:59","guid":{"rendered":"https:\/\/ami.mr\/fr\/?p=278246"},"modified":"2025-09-03T21:03:59","modified_gmt":"2025-09-03T21:03:59","slug":"le-president-de-lassemblee-nationale-recoit-une-delegation-de-lunion-africaine-2","status":"publish","type":"post","link":"https:\/\/ami.mr\/fr\/archives\/278246","title":{"rendered":"Le Pr\u00e9sident de l&#8217;Assembl\u00e9e Nationale re\u00e7oit une d\u00e9l\u00e9gation de l&#8217;Union Africaine"},"content":{"rendered":"<p>Le Pr\u00e9sident de l&#8217;Assembl\u00e9e Nationale, M. Mohamed Bamba Meguett, a re\u00e7u, ce mercredi, une d\u00e9l\u00e9gation de l&#8217;Union Africaine, conduite par M. Fulgence Zenith, Charg\u00e9 d&#8217;Affaires de la Mission de l&#8217;Union Africaine pour le Sahel.<\/p>\n<p>Les discussions ont port\u00e9 sur les excellentes relations de coop\u00e9ration entre la R\u00e9publique Islamique de Mauritanie et l&#8217;Union Africaine, la situation r\u00e9gionale, ainsi que sur un certain nombre de questions d&#8217;int\u00e9r\u00eat commun.<\/p>\n<p>Ont assist\u00e9 \u00e0 la rencontre la d\u00e9put\u00e9e Fatma Habib, Premi\u00e8re Vice-Pr\u00e9sidente du Parlement Panafricain, et M. Mohamed Yahya Ould Haye, Charg\u00e9 de Mission aupr\u00e8s de l&#8217;Assembl\u00e9e Nationale.<\/p>\n","protected":false},"excerpt":{"rendered":"<p>Le Pr\u00e9sident de l&#8217;Assembl\u00e9e Nationale, M. Mohamed Bamba Meguett, a re\u00e7u, ce mercredi, une d\u00e9l\u00e9gation de l&#8217;Union Africaine, conduite par M. Fulgence Zenith, Charg\u00e9 d&#8217;Affaires de la Mission de l&#8217;Union Africaine pour le Sahel. Les discussions ont port\u00e9 sur les excellentes relations de coop\u00e9ration entre la R\u00e9publique Islamique de Mauritanie et l&#8217;Union Africaine, la situation [&hellip;]<\/p>\n","protected":false},"author":5,"featured_media":278247,"comment_status":"open","ping_status":"open","sticky":false,"template":"","format":"standard","meta":{"footnotes":""},"categories":[63957,63959,63921,63927],"tags":[],"class_list":["post-278246","post","type-post","status-publish","format-standard","has-post-thumbnail","hentry","category-fil-dactualite","category-mauritanie","category-slider-afficher","category-slider-mauritanie"],"_links":{"self":[{"href":"https:\/\/ami.mr\/fr\/wp-json\/wp\/v2\/posts\/278246","targetHints":{"allow":["GET"]}}],"collection":[{"href":"https:\/\/ami.mr\/fr\/wp-json\/wp\/v2\/posts"}],"about":[{"href":"https:\/\/ami.mr\/fr\/wp-json\/wp\/v2\/types\/post"}],"author":[{"embeddable":true,"href":"https:\/\/ami.mr\/fr\/wp-json\/wp\/v2\/users\/5"}],"replies":[{"embeddable":true,"href":"https:\/\/ami.mr\/fr\/wp-json\/wp\/v2\/comments?post=278246"}],"version-history":[{"count":1,"href":"https:\/\/ami.mr\/fr\/wp-json\/wp\/v2\/posts\/278246\/revisions"}],"predecessor-version":[{"id":278248,"href":"https:\/\/ami.mr\/fr\/wp-json\/wp\/v2\/posts\/278246\/revisions\/278248"}],"wp:featuredmedia":[{"embeddable":true,"href":"https:\/\/ami.mr\/fr\/wp-json\/wp\/v2\/media\/278247"}],"wp:attachment":[{"href":"https:\/\/ami.mr\/fr\/wp-json\/wp\/v2\/media?parent=278246"}],"wp:term":[{"taxonomy":"category","embeddable":true,"href":"https:\/\/ami.mr\/fr\/wp-json\/wp\/v2\/categories?post=278246"},{"taxonomy":"post_tag","embeddable":true,"href":"https:\/\/ami.mr\/fr\/wp-json\/wp\/v2\/tags?post=278246"}],"curies":[{"name":"wp","href":"https:\/\/api.w.org\/{rel}","templated":true}]}}