{"id":278222,"date":"2025-09-03T13:40:10","date_gmt":"2025-09-03T13:40:10","guid":{"rendered":"https:\/\/ami.mr\/fr\/?p=278222"},"modified":"2025-09-03T15:36:20","modified_gmt":"2025-09-03T15:36:20","slug":"le-president-de-la-republique-appelle-les-savants-les-cheikhs-et-les-leaders-dopinion-a-diffuser-la-culture-de-la-securite-et-de-la-paix","status":"publish","type":"post","link":"https:\/\/ami.mr\/fr\/archives\/278222","title":{"rendered":"Le Pr\u00e9sident de la R\u00e9publique appelle les savants, les cheikhs et les leaders d&#8217;opinion \u00e0 diffuser la culture de la s\u00e9curit\u00e9 et de la paix"},"content":{"rendered":"<p>Son Excellence le Pr\u00e9sident de la R\u00e9publique, Monsieur Mohamed Ould Cheikh El Ghazouani, a appel\u00e9 les savants, les cheikhs et les leaders d&#8217;opinion \u00e0 diffuser la culture de la s\u00e9curit\u00e9 et de la paix afin de consolider les images lumineuses de mod\u00e9ration, de tol\u00e9rance, de fraternit\u00e9 et de solidarit\u00e9 refl\u00e9tant la noble biographie du Proph\u00e8te.<\/p>\n<p>Ouvrant les travaux de la 38\u00e8me Conf\u00e9rence Internationale sur la Noble Biographie du Proph\u00e8te, mercredi \u00e0 Nouakchott, Son Excellence le Pr\u00e9sident de la R\u00e9publique a d\u00e9clar\u00e9 que &#8221;les objectifs pour lesquels les r\u00e8gles de la Charia ont \u00e9t\u00e9 \u00e9tablies visent, globalement, \u00e0 assurer la s\u00e9curit\u00e9, la paix et la tranquillit\u00e9 en pr\u00e9servant la religion, l&#8217;\u00e2me, l&#8217;intellect, la prog\u00e9niture et les biens&#8221;.<\/p>\n<p>Voici le texte du discours de Son Excellence le Pr\u00e9sident de la R\u00e9publique:<\/p>\n<p><span style=\"color: #0000ff;\">&#8220;Monsieur le Premier ministre,<\/span><\/p>\n<p><span style=\"color: #0000ff;\">Monsieur le pr\u00e9sident de l&#8217;Assembl\u00e9e nationale,<\/span><\/p>\n<p><span style=\"color: #0000ff;\">Monsieur le pr\u00e9sident du Conseil constitutionnel,<\/span><\/p>\n<p><span style=\"color: #0000ff;\">Mesdames et Messieurs les ministres,<\/span><\/p>\n<p><span style=\"color: #0000ff;\">Monsieur le wali,<\/span><\/p>\n<p><span style=\"color: #0000ff;\">Monsieur le vice-pr\u00e9sident de la r\u00e9gion de Nouakchott,<\/span><\/p>\n<p><span style=\"color: #0000ff;\">Excellences les membres du corps diplomatique accr\u00e9dit\u00e9s,<\/span><\/p>\n<p><span style=\"color: #0000ff;\">Monsieur le pr\u00e9sident du rassemblement culturel islamique en Mauritanie et en Afrique de l&#8217;Ouest,<\/span><\/p>\n<p><span style=\"color: #0000ff;\">\u00c9minences et excellences les cheikhs et savants,<\/span><\/p>\n<p><span style=\"color: #0000ff;\">Chers invit\u00e9s,<\/span><\/p>\n<p><span style=\"color: #0000ff;\">Mesdames et Messieurs,<\/span><\/p>\n<p><span style=\"color: #0000ff;\">Que la paix, la mis\u00e9ricorde et les b\u00e9n\u00e9dictions de Dieu soient sur vous,<\/span><\/p>\n<p>Il me pla\u00eet, \u00e0 l&#8217;approche de l&#8217;anniversaire de la naissance du Noble Proph\u00e8te, d&#8217;adresser mes sinc\u00e8res salutations et mes remerciements les plus chaleureux \u00e0 tous ces savants et cheikhs, hommes de vertu et de tol\u00e9rance, que ni la distance ni les diverses pr\u00e9occupations et contraintes de la vie n&#8217;ont emp\u00each\u00e9s de partager avec nous aujourd&#8217;hui la c\u00e9l\u00e9bration de la naissance du meilleur des cr\u00e9atures et de la lumi\u00e8re de la guidance, notre Proph\u00e8te Mohamed, (PSL).<\/p>\n<p>La c\u00e9l\u00e9bration de sa noble biographie est une consolidation de la foi et une incarnation des significations de son message tol\u00e9rant dans la puret\u00e9 de ses valeurs sublimes.<\/p>\n<p>Il me pla\u00eet, \u00e9galement, de f\u00e9liciter le Rassemblement Culturel Islamique pour ses efforts continus en faveur de la biographie du Proph\u00e8te, la diffusion des valeurs de mod\u00e9ration, de tol\u00e9rance et de fraternit\u00e9, en plus du renforcement du r\u00f4le des savants et des r\u00e9formateurs, comme l&#8217;a fortement soulign\u00e9 la (D\u00e9claration de Nouakchott) qui a couronn\u00e9 les travaux de la trente-sixi\u00e8me \u00e9dition de cette conf\u00e9rence.<\/p>\n<p>Cette 38\u00e8me \u00e9dition \u00e9mane du m\u00eame esprit et de la m\u00eame orientation, comme le montre clairement le choix de son slogan : &#8220;La s\u00e9curit\u00e9 spirituelle \u00e0 travers la biographie du Proph\u00e8te et son impact sur la paix et la tranquillit\u00e9 dans la nation islamique et l&#8217;humanit\u00e9 enti\u00e8re&#8221;.<\/p>\n<p><span style=\"color: #0000ff;\">Mesdames et Messieurs,<\/span><\/p>\n<p>Le concept de s\u00e9curit\u00e9, quels que soient les contextes dans lesquels il appara\u00eet, renvoie toujours \u00e0 un objectif des plus nobles de notre religion authentique. A ce propos, il faut dire que les objectifs pour lesquels les r\u00e8gles de la Charia ont \u00e9t\u00e9 \u00e9tablies visent, globalement, \u00e0 assurer la s\u00e9curit\u00e9, la paix et la tranquillit\u00e9 en pr\u00e9servant la religion, l&#8217;\u00e2me, l&#8217;intellect, la prog\u00e9niture et les biens.<\/p>\n<p>Le moyen le plus efficace d&#8217;atteindre ces objectifs est de s&#8217;accrocher \u00e0 la Sunna (biographie) du Proph\u00e8te, que la pri\u00e8re et la paix soient sur lui, le bon exemple et le d\u00e9tenteur d&#8217;un caract\u00e8re sublime dont la biographie a incarn\u00e9 de la mani\u00e8re la plus compl\u00e8te la grandeur et la sublimit\u00e9 des significations et des valeurs islamiques.<\/p>\n<p><span style=\"color: #0000ff;\">Mesdames et Messieurs,<\/span><\/p>\n<p>Quiconque examine l&#8217;ensemble des politiques publiques en R\u00e9publique Islamique de Mauritanie r\u00e9alise clairement qu&#8217;elles se compl\u00e8tent en se concentrant sur la r\u00e9alisation de la stabilit\u00e9 et de la s\u00e9curit\u00e9 dans leurs diverses dimensions, \u00e9tablissant ainsi la paix par laquelle la vie est organis\u00e9e et les moyens d&#8217;une vie digne du d\u00e9veloppement et de la prosp\u00e9rit\u00e9.<\/p>\n<p>Dans notre qu\u00eate de cet objectif supr\u00eame, nous nous sommes concentr\u00e9s sur la diffusion des valeurs de tol\u00e9rance, de mod\u00e9ration, de fraternit\u00e9 et de solidarit\u00e9, des valeurs incarn\u00e9es par la biographie de notre Proph\u00e8te.<\/p>\n<p>Nous avons, \u00e9galement, d\u00e9ploy\u00e9 des efforts consid\u00e9rables pour d\u00e9fendre ces valeurs face aux interpr\u00e9tations d\u00e9viantes et destructrices, en luttant contre l&#8217;extr\u00e9misme, le terrorisme et les courants d\u00e9formant la religion, ainsi que toutes les tendances nourrissant la haine et ayant un caract\u00e8re raciste odieux.<\/p>\n<p>Nous avons, aussi, veill\u00e9, en soutien \u00e0 la paix et \u00e0 l&#8217;harmonie sociale, \u00e0 consolider l&#8217;unit\u00e9 nationale et la coh\u00e9sion sociale afin de corriger la balance de la justice distributive des richesses en luttant contre l&#8217;injustice et la pr\u00e9carit\u00e9, en renfor\u00e7ant les piliers de l&#8217;\u00c9tat de droit et en combattant les faux pr\u00e9jug\u00e9s et st\u00e9r\u00e9otypes dans notre h\u00e9ritage culturel qui contraires aux objectifs de la Charia.<\/p>\n<p>Convaincu que les valeurs de mod\u00e9ration, de tol\u00e9rance et de fraternit\u00e9 incarn\u00e9es par sa biographie, (PSL), ont un impact positif sur la r\u00e9alisation de la paix et la tranquillit\u00e9 non seulement au sein de la nation islamique mais aussi pour l&#8217;humanit\u00e9 enti\u00e8re, nous avons \u0153uvr\u00e9 pour en faire un guide principal de nos positions dans les diff\u00e9rentes enceintes internationales.<\/p>\n<p>Ouvrant cette trente-huiti\u00e8me \u00e9dition de la Conf\u00e9rence Internationale sur la Biographie du Proph\u00e8te, nous comptons beaucoup sur ses r\u00e9sultats, sur les savants, les cheikhs et les leaders d&#8217;opinion pour diffuser la culture de la s\u00e9curit\u00e9 et de la paix afin de consolider les images lumineuses de mod\u00e9ration, de tol\u00e9rance, de fraternit\u00e9 et de solidarit\u00e9 que refl\u00e8tent la noble biographie du Proph\u00e8te.<\/p>\n<p>Je vous remercie\u2019\u2019.<\/p>\n","protected":false},"excerpt":{"rendered":"<p>Son Excellence le Pr\u00e9sident de la R\u00e9publique, Monsieur Mohamed Ould Cheikh El Ghazouani, a appel\u00e9 les savants, les cheikhs et les leaders d&#8217;opinion \u00e0 diffuser la culture de la s\u00e9curit\u00e9 et de la paix afin de consolider les images lumineuses de mod\u00e9ration, de tol\u00e9rance, de fraternit\u00e9 et de solidarit\u00e9 refl\u00e9tant la noble biographie du Proph\u00e8te. [&hellip;]<\/p>\n","protected":false},"author":3,"featured_media":278223,"comment_status":"open","ping_status":"open","sticky":false,"template":"","format":"standard","meta":{"footnotes":""},"categories":[63919,104,63957,63921,63924],"tags":[],"class_list":["post-278222","post","type-post","status-publish","format-standard","has-post-thumbnail","hentry","category-choix-du-redacteur","category-104","category-fil-dactualite","category-slider-afficher","category-slider-culture"],"_links":{"self":[{"href":"https:\/\/ami.mr\/fr\/wp-json\/wp\/v2\/posts\/278222","targetHints":{"allow":["GET"]}}],"collection":[{"href":"https:\/\/ami.mr\/fr\/wp-json\/wp\/v2\/posts"}],"about":[{"href":"https:\/\/ami.mr\/fr\/wp-json\/wp\/v2\/types\/post"}],"author":[{"embeddable":true,"href":"https:\/\/ami.mr\/fr\/wp-json\/wp\/v2\/users\/3"}],"replies":[{"embeddable":true,"href":"https:\/\/ami.mr\/fr\/wp-json\/wp\/v2\/comments?post=278222"}],"version-history":[{"count":1,"href":"https:\/\/ami.mr\/fr\/wp-json\/wp\/v2\/posts\/278222\/revisions"}],"predecessor-version":[{"id":278224,"href":"https:\/\/ami.mr\/fr\/wp-json\/wp\/v2\/posts\/278222\/revisions\/278224"}],"wp:featuredmedia":[{"embeddable":true,"href":"https:\/\/ami.mr\/fr\/wp-json\/wp\/v2\/media\/278223"}],"wp:attachment":[{"href":"https:\/\/ami.mr\/fr\/wp-json\/wp\/v2\/media?parent=278222"}],"wp:term":[{"taxonomy":"category","embeddable":true,"href":"https:\/\/ami.mr\/fr\/wp-json\/wp\/v2\/categories?post=278222"},{"taxonomy":"post_tag","embeddable":true,"href":"https:\/\/ami.mr\/fr\/wp-json\/wp\/v2\/tags?post=278222"}],"curies":[{"name":"wp","href":"https:\/\/api.w.org\/{rel}","templated":true}]}}