{"id":278118,"date":"2025-09-01T20:30:45","date_gmt":"2025-09-01T20:30:45","guid":{"rendered":"https:\/\/ami.mr\/fr\/?p=278118"},"modified":"2025-09-01T20:30:45","modified_gmt":"2025-09-01T20:30:45","slug":"le-representant-permanent-de-notre-pays-aupres-de-la-ligue-des-etats-arabes-participe-a-la-reunion-du-conseil-de-la-ligue-au-niveau-des-representants","status":"publish","type":"post","link":"https:\/\/ami.mr\/fr\/archives\/278118","title":{"rendered":"Le Repr\u00e9sentant permanent de notre pays aupr\u00e8s de la Ligue des \u00c9tats arabes participe \u00e0 la r\u00e9union du Conseil de la Ligue au niveau des repr\u00e9sentants"},"content":{"rendered":"<div class=\"row\"><\/div>\n<div class=\"row\">\n<div class=\"cell auto-size\">\n<div class=\"set-border bd-gray padding10 margin10 no-margin-right no-margin-left \" dir=\"ltr\">\n<p>Son Excellence M. El Houssein Sidi Abdallah Dieh, ambassadeur de notre pays au Caire, Repr\u00e9sentant permanent aupr\u00e8s de la Ligue des \u00c9tats arabes, a particip\u00e9 \u00e0 la r\u00e9union du Conseil de la Ligue qui s&#8217;est tenue aujourd&#8217;hui au niveau des repr\u00e9sentants permanents au si\u00e8ge du Secr\u00e9tariat g\u00e9n\u00e9ral au Caire &#8211; 164\u00e8me session ordinaire.<\/p>\n<p>La r\u00e9union a discut\u00e9 d&#8217;un certain nombre de points inscrits \u00e0 l&#8217;ordre du jour, notamment l&#8217;action arabe commune, la question palestinienne et le conflit arabo-isra\u00e9lien, les affaires arabes et la s\u00e9curit\u00e9 nationale, ainsi qu&#8217;un certain nombre de dossiers sociaux, \u00e9conomiques et juridiques li\u00e9s aux int\u00e9r\u00eats de l&#8217;action arabe commune.<\/p>\n<p>Il est pr\u00e9vu que les recommandations de la r\u00e9union soient soumises au Conseil de la Ligue au niveau minist\u00e9riel, qui se tiendra le 04 septembre.<\/p>\n<p>Ont assist\u00e9 \u00e0 la r\u00e9union, aux c\u00f4t\u00e9s de Son Excellence l&#8217;Ambassadeur, M. Mohamed Mahboubi, Premier Conseiller \u00e0 l&#8217;Ambassade, et M. Dah Baba, Deuxi\u00e8me Conseiller \u00e0 l&#8217;Ambassade.<\/p>\n<\/div>\n<\/div>\n<\/div>\n","protected":false},"excerpt":{"rendered":"<p>Son Excellence M. El Houssein Sidi Abdallah Dieh, ambassadeur de notre pays au Caire, Repr\u00e9sentant permanent aupr\u00e8s de la Ligue des \u00c9tats arabes, a particip\u00e9 \u00e0 la r\u00e9union du Conseil de la Ligue qui s&#8217;est tenue aujourd&#8217;hui au niveau des repr\u00e9sentants permanents au si\u00e8ge du Secr\u00e9tariat g\u00e9n\u00e9ral au Caire &#8211; 164\u00e8me session ordinaire. La r\u00e9union [&hellip;]<\/p>\n","protected":false},"author":8,"featured_media":278119,"comment_status":"open","ping_status":"open","sticky":false,"template":"","format":"standard","meta":{"footnotes":""},"categories":[63918,63957],"tags":[],"class_list":["post-278118","post","type-post","status-publish","format-standard","has-post-thumbnail","hentry","category-autres","category-fil-dactualite"],"_links":{"self":[{"href":"https:\/\/ami.mr\/fr\/wp-json\/wp\/v2\/posts\/278118","targetHints":{"allow":["GET"]}}],"collection":[{"href":"https:\/\/ami.mr\/fr\/wp-json\/wp\/v2\/posts"}],"about":[{"href":"https:\/\/ami.mr\/fr\/wp-json\/wp\/v2\/types\/post"}],"author":[{"embeddable":true,"href":"https:\/\/ami.mr\/fr\/wp-json\/wp\/v2\/users\/8"}],"replies":[{"embeddable":true,"href":"https:\/\/ami.mr\/fr\/wp-json\/wp\/v2\/comments?post=278118"}],"version-history":[{"count":1,"href":"https:\/\/ami.mr\/fr\/wp-json\/wp\/v2\/posts\/278118\/revisions"}],"predecessor-version":[{"id":278120,"href":"https:\/\/ami.mr\/fr\/wp-json\/wp\/v2\/posts\/278118\/revisions\/278120"}],"wp:featuredmedia":[{"embeddable":true,"href":"https:\/\/ami.mr\/fr\/wp-json\/wp\/v2\/media\/278119"}],"wp:attachment":[{"href":"https:\/\/ami.mr\/fr\/wp-json\/wp\/v2\/media?parent=278118"}],"wp:term":[{"taxonomy":"category","embeddable":true,"href":"https:\/\/ami.mr\/fr\/wp-json\/wp\/v2\/categories?post=278118"},{"taxonomy":"post_tag","embeddable":true,"href":"https:\/\/ami.mr\/fr\/wp-json\/wp\/v2\/tags?post=278118"}],"curies":[{"name":"wp","href":"https:\/\/api.w.org\/{rel}","templated":true}]}}