{"id":278054,"date":"2025-08-31T20:46:48","date_gmt":"2025-08-31T20:46:48","guid":{"rendered":"https:\/\/ami.mr\/fr\/?p=278054"},"modified":"2025-08-31T20:46:48","modified_gmt":"2025-08-31T20:46:48","slug":"le-ministre-de-lequipement-inspecte-certains-axes-routiers-dans-les-trois-wilayas-de-nouakchott","status":"publish","type":"post","link":"https:\/\/ami.mr\/fr\/archives\/278054","title":{"rendered":"Le ministre de l&#8217;\u00c9quipement inspecte certains axes routiers dans les trois wilayas de Nouakchott"},"content":{"rendered":"<p>Le ministre de l&#8217;\u00c9quipement et des Transports, M. Ely Ould El Feirik, a effectu\u00e9 ce dimanche une visite d&#8217;inspection dans les trois wilayas de Nouakchott, afin de constater sur le terrain l&#8217;\u00e9tat d&#8217;avancement des travaux sur plusieurs axes routiers en construction, et de prendre connaissance des obstacles qui pourraient entraver leur ach\u00e8vement dans les d\u00e9lais impartis.<\/p>\n<p>Le ministre a commenc\u00e9 sa tourn\u00e9e par l&#8217;inspection du tron\u00e7on routier reliant Basra, Neteg et Kouva dans la moughataa de Sebkha, dans la wilaya de Nouakchott Ouest.<\/p>\n<p>La visite a \u00e9galement inclus le tron\u00e7on de contournement reliant Carrefour El Barrad et la route d&#8217;Akjoujt dans la wilaya de Nouakchott nord, d&#8217;une longueur de huit kilom\u00e8tres, avant que le ministre ne conclue sa tourn\u00e9e par l&#8217;inspection du tron\u00e7on de contournement reliant la route de l&#8217;Espoir et la route de Rosso.<\/p>\n<p>Au cours des diff\u00e9rentes \u00e9tapes de la visite, le ministre et la d\u00e9l\u00e9gation qui l&#8217;accompagnait ont re\u00e7u des explications d\u00e9taill\u00e9es des superviseurs de la mise en \u0153uvre des axes routiers, qui ont pr\u00e9sent\u00e9 l&#8217;\u00e9tat d&#8217;avancement des travaux sur ces axes, ainsi que les probl\u00e8mes et les obstacles qui pourraient entraver l&#8217;ex\u00e9cution dans les d\u00e9lais impartis.<\/p>\n<p><img decoding=\"async\" class=\"wp-image-278056 alignleft\" src=\"https:\/\/ami.mr\/fr\/wp-content\/uploads\/2025\/08\/3G7A0095-300x200.jpg\" alt=\"\" width=\"188\" height=\"125\" srcset=\"https:\/\/ami.mr\/fr\/wp-content\/uploads\/2025\/08\/3G7A0095-300x200.jpg 300w, https:\/\/ami.mr\/fr\/wp-content\/uploads\/2025\/08\/3G7A0095-1024x683.jpg 1024w, https:\/\/ami.mr\/fr\/wp-content\/uploads\/2025\/08\/3G7A0095-768x512.jpg 768w, https:\/\/ami.mr\/fr\/wp-content\/uploads\/2025\/08\/3G7A0095-1536x1024.jpg 1536w, https:\/\/ami.mr\/fr\/wp-content\/uploads\/2025\/08\/3G7A0095-2048x1365.jpg 2048w\" sizes=\"(max-width: 188px) 100vw, 188px\" \/>Dans une d\u00e9claration faite \u00e0 l&#8217;issue de la visite, le ministre a expliqu\u00e9 que la visite, qui a inclus le projet routier en cours \u00e0 Nouakchott, visait \u00e0 constater l&#8217;\u00e9tat d&#8217;avancement des travaux sur ces axes routiers, ajoutant qu&#8217;ils progressent \u00e0 un rythme satisfaisant, la distance programm\u00e9e \u00e9tant de 127 km, dont 68 km ont \u00e9t\u00e9 achev\u00e9s \u00e0 ce jour.<\/p>\n<p>Il a soulign\u00e9 que les travaux sont enti\u00e8rement termin\u00e9s dans quatre \u00e0 cinq moughataas de la capitale, tandis qu&#8217;ils se poursuivent dans les moughataas restantes, avec une pr\u00e9vision d&#8217;ach\u00e8vement avant novembre prochain.<\/p>\n<p>Il a \u00e9galement pr\u00e9cis\u00e9 dans le m\u00eame contexte que tous les obstacles qui entravaient les travaux ont \u00e9t\u00e9 lev\u00e9s, notant que les travaux sont enti\u00e8rement achev\u00e9s sur deux voies, tandis qu&#8217;ils se poursuivent sur les autres tron\u00e7ons.<\/p>\n<p>Il a ajout\u00e9 que sur les 120 km programm\u00e9s dans le cadre du projet, les travaux ont effectivement commenc\u00e9 sur 110 km.<\/p>\n<p>Il a \u00e9galement indiqu\u00e9 que les probl\u00e8mes qui entravaient le reste du r\u00e9seau urbain ont \u00e9t\u00e9 r\u00e9solus, et que les travaux sont en cours pour achever ces travaux sur tous les axes routiers dans les plus brefs d\u00e9lais.<\/p>\n<p>Le ministre \u00e9tait accompagn\u00e9, lors des diff\u00e9rentes \u00e9tapes de la visite, par des repr\u00e9sentants des autorit\u00e9s administratives et s\u00e9curitaires des trois wilayas, ainsi que par les \u00e9quipes techniques supervisant la mise en \u0153uvre des projets.<\/p>\n","protected":false},"excerpt":{"rendered":"<p>Le ministre de l&#8217;\u00c9quipement et des Transports, M. Ely Ould El Feirik, a effectu\u00e9 ce dimanche une visite d&#8217;inspection dans les trois wilayas de Nouakchott, afin de constater sur le terrain l&#8217;\u00e9tat d&#8217;avancement des travaux sur plusieurs axes routiers en construction, et de prendre connaissance des obstacles qui pourraient entraver leur ach\u00e8vement dans les d\u00e9lais [&hellip;]<\/p>\n","protected":false},"author":17,"featured_media":278055,"comment_status":"open","ping_status":"open","sticky":false,"template":"","format":"standard","meta":{"footnotes":""},"categories":[63920,63957,63959],"tags":[],"class_list":["post-278054","post","type-post","status-publish","format-standard","has-post-thumbnail","hentry","category-a-la-une","category-fil-dactualite","category-mauritanie"],"_links":{"self":[{"href":"https:\/\/ami.mr\/fr\/wp-json\/wp\/v2\/posts\/278054","targetHints":{"allow":["GET"]}}],"collection":[{"href":"https:\/\/ami.mr\/fr\/wp-json\/wp\/v2\/posts"}],"about":[{"href":"https:\/\/ami.mr\/fr\/wp-json\/wp\/v2\/types\/post"}],"author":[{"embeddable":true,"href":"https:\/\/ami.mr\/fr\/wp-json\/wp\/v2\/users\/17"}],"replies":[{"embeddable":true,"href":"https:\/\/ami.mr\/fr\/wp-json\/wp\/v2\/comments?post=278054"}],"version-history":[{"count":1,"href":"https:\/\/ami.mr\/fr\/wp-json\/wp\/v2\/posts\/278054\/revisions"}],"predecessor-version":[{"id":278057,"href":"https:\/\/ami.mr\/fr\/wp-json\/wp\/v2\/posts\/278054\/revisions\/278057"}],"wp:featuredmedia":[{"embeddable":true,"href":"https:\/\/ami.mr\/fr\/wp-json\/wp\/v2\/media\/278055"}],"wp:attachment":[{"href":"https:\/\/ami.mr\/fr\/wp-json\/wp\/v2\/media?parent=278054"}],"wp:term":[{"taxonomy":"category","embeddable":true,"href":"https:\/\/ami.mr\/fr\/wp-json\/wp\/v2\/categories?post=278054"},{"taxonomy":"post_tag","embeddable":true,"href":"https:\/\/ami.mr\/fr\/wp-json\/wp\/v2\/tags?post=278054"}],"curies":[{"name":"wp","href":"https:\/\/api.w.org\/{rel}","templated":true}]}}