{"id":277977,"date":"2025-08-29T19:15:39","date_gmt":"2025-08-29T19:15:39","guid":{"rendered":"https:\/\/ami.mr\/fr\/?p=277977"},"modified":"2025-08-29T19:15:39","modified_gmt":"2025-08-29T19:15:39","slug":"le-president-de-lunion-national-du-patronat-mauritanien-rencontre-le-representant-de-lunicef-dans-notre-pays","status":"publish","type":"post","link":"https:\/\/ami.mr\/fr\/archives\/277977","title":{"rendered":"Le pr\u00e9sident de l&#8217;Union national du patronat mauritanien rencontre le repr\u00e9sentant de l&#8217;UNICEF dans notre pays"},"content":{"rendered":"<div class=\"cell auto-size\">\n<div class=\"set-border bd-gray padding10 margin10 no-margin-right no-margin-left \" dir=\"ltr\">\n<p>Le pr\u00e9sident de l&#8217;Union nationale du patronat mauritanien, M. Mohamed Zein El Abidine Cheikh Ahmed, a re\u00e7u, ce matin, dans son bureau M. Kabir El Aloui, repr\u00e9sentant r\u00e9sident de l&#8217;UNICEF dans notre pays.<\/p>\n<p>La r\u00e9union a port\u00e9 sur les moyens de renforcer les relations entre l&#8217;UNICEF et le secteur priv\u00e9 mauritanien par l&#8217;interm\u00e9diaire de l&#8217;Union nationale du patronat mauritanien, \u00e0 la lumi\u00e8re du programme de l&#8217;organisation pour les ann\u00e9es 2024-2027, et sur l&#8217;importance du r\u00f4le du secteur priv\u00e9 dans le soutien des droits des enfants et des femmes dans le pays, en particulier dans les domaines de l&#8217;\u00e9ducation, de la sant\u00e9 et de la cr\u00e9ation d&#8217;opportunit\u00e9s d&#8217;emploi pour les jeunes.<\/p>\n<p>Le pr\u00e9sident de l&#8217;Union a exprim\u00e9 son appr\u00e9ciation pour le travail accompli par l&#8217;UNICEF en faveur des enfants et des femmes, et affirm\u00e9 la volont\u00e9 de l&#8217;Union de se coordonner avec l&#8217;UNICEF pour soutenir et accompagner ses pr\u00e9cieux efforts.<\/p>\n<p>\u00c0 cet \u00e9gard, le pr\u00e9sident de l&#8217;UNPM a \u00e9voqu\u00e9 certains des efforts et initiatives entrepris par le secteur priv\u00e9 pour soutenir les enfants et les femmes dans les domaines d&#8217;int\u00e9r\u00eat de l&#8217;UNICEF.<\/p>\n<p>Ont assist\u00e9 \u00e0 la r\u00e9union le secr\u00e9taire g\u00e9n\u00e9ral par int\u00e9rim de l&#8217;Union, M. Cheikh Ould Bouassriya, et l&#8217;assistante du repr\u00e9sentant de l&#8217;UNICEF charg\u00e9e du partenariat.<\/p>\n<\/div>\n<\/div>\n","protected":false},"excerpt":{"rendered":"<p>Le pr\u00e9sident de l&#8217;Union nationale du patronat mauritanien, M. Mohamed Zein El Abidine Cheikh Ahmed, a re\u00e7u, ce matin, dans son bureau M. Kabir El Aloui, repr\u00e9sentant r\u00e9sident de l&#8217;UNICEF dans notre pays. La r\u00e9union a port\u00e9 sur les moyens de renforcer les relations entre l&#8217;UNICEF et le secteur priv\u00e9 mauritanien par l&#8217;interm\u00e9diaire de l&#8217;Union [&hellip;]<\/p>\n","protected":false},"author":17,"featured_media":277978,"comment_status":"open","ping_status":"open","sticky":false,"template":"","format":"standard","meta":{"footnotes":""},"categories":[63918,63957,63959],"tags":[],"class_list":["post-277977","post","type-post","status-publish","format-standard","has-post-thumbnail","hentry","category-autres","category-fil-dactualite","category-mauritanie"],"_links":{"self":[{"href":"https:\/\/ami.mr\/fr\/wp-json\/wp\/v2\/posts\/277977","targetHints":{"allow":["GET"]}}],"collection":[{"href":"https:\/\/ami.mr\/fr\/wp-json\/wp\/v2\/posts"}],"about":[{"href":"https:\/\/ami.mr\/fr\/wp-json\/wp\/v2\/types\/post"}],"author":[{"embeddable":true,"href":"https:\/\/ami.mr\/fr\/wp-json\/wp\/v2\/users\/17"}],"replies":[{"embeddable":true,"href":"https:\/\/ami.mr\/fr\/wp-json\/wp\/v2\/comments?post=277977"}],"version-history":[{"count":1,"href":"https:\/\/ami.mr\/fr\/wp-json\/wp\/v2\/posts\/277977\/revisions"}],"predecessor-version":[{"id":277979,"href":"https:\/\/ami.mr\/fr\/wp-json\/wp\/v2\/posts\/277977\/revisions\/277979"}],"wp:featuredmedia":[{"embeddable":true,"href":"https:\/\/ami.mr\/fr\/wp-json\/wp\/v2\/media\/277978"}],"wp:attachment":[{"href":"https:\/\/ami.mr\/fr\/wp-json\/wp\/v2\/media?parent=277977"}],"wp:term":[{"taxonomy":"category","embeddable":true,"href":"https:\/\/ami.mr\/fr\/wp-json\/wp\/v2\/categories?post=277977"},{"taxonomy":"post_tag","embeddable":true,"href":"https:\/\/ami.mr\/fr\/wp-json\/wp\/v2\/tags?post=277977"}],"curies":[{"name":"wp","href":"https:\/\/api.w.org\/{rel}","templated":true}]}}