{"id":277769,"date":"2025-08-24T12:58:31","date_gmt":"2025-08-24T12:58:31","guid":{"rendered":"https:\/\/ami.mr\/fr\/?p=277769"},"modified":"2025-08-24T12:58:31","modified_gmt":"2025-08-24T12:58:31","slug":"departement-de-la-formation-professionnelle-des-plans-ambitieux-pour-accroitre-la-capacite-des-centres-et-diversifier-leurs-domaines-de-specialisation","status":"publish","type":"post","link":"https:\/\/ami.mr\/fr\/archives\/277769","title":{"rendered":"D\u00e9partement de la formation professionnelle\u2026 Des plans ambitieux pour accro\u00eetre la capacit\u00e9 des centres et diversifier leurs domaines de sp\u00e9cialisation"},"content":{"rendered":"<p>Les domaines de la formation professionnelle, l&#8217;artisanat et des m\u00e9tiers ont fait l&#8217;objet d&#8217;une attention particuli\u00e8re de la part des plus hautes autorit\u00e9s du pays. Un d\u00e9partement minist\u00e9riel a \u00e9t\u00e9 cr\u00e9\u00e9 pour promouvoir ces fili\u00e8res et renforcer leur int\u00e9gration au sein du syst\u00e8me \u00e9conomique national, conform\u00e9ment aux engagements de Son Excellence le Pr\u00e9sident de la R\u00e9publique, M. Mohamed Ould Cheikh El Ghazouani, dans son programme \u00ab Mon ambition pour la nation \u00bb.<\/p>\n<p>Le minist\u00e8re de la Formation professionnelle, de l&#8217;Artisanat et des M\u00e9tiers a adopt\u00e9 un ensemble de plans et de programmes visant \u00e0 am\u00e9liorer les performances de la formation professionnelle, notamment par l&#8217;extension des centres existants, l&#8217;ouverture de nouveaux centres et la diversification des fili\u00e8res de formation afin de r\u00e9pondre aux besoins du march\u00e9 du travail en personnel qualifi\u00e9 dans les diff\u00e9rents domaines requis.<\/p>\n<p><img decoding=\"async\" class=\"wp-image-277771 alignright\" src=\"https:\/\/ami.mr\/fr\/wp-content\/uploads\/2025\/08\/1-300x200.jpg\" alt=\"\" width=\"254\" height=\"169\" srcset=\"https:\/\/ami.mr\/fr\/wp-content\/uploads\/2025\/08\/1-300x200.jpg 300w, https:\/\/ami.mr\/fr\/wp-content\/uploads\/2025\/08\/1-1024x683.jpg 1024w, https:\/\/ami.mr\/fr\/wp-content\/uploads\/2025\/08\/1-768x512.jpg 768w, https:\/\/ami.mr\/fr\/wp-content\/uploads\/2025\/08\/1-1536x1024.jpg 1536w, https:\/\/ami.mr\/fr\/wp-content\/uploads\/2025\/08\/1-2048x1365.jpg 2048w\" sizes=\"(max-width: 254px) 100vw, 254px\" \/>Afin de mettre en lumi\u00e8re les r\u00e9alisations et les perspectives d&#8217;avenir du secteur, l&#8217;Agence de mauritanienne d\u2019information (AMI) a interview\u00e9 l&#8217;Inspecteur g\u00e9n\u00e9ral du minist\u00e8re de la Formation professionnelle, de l&#8217;Artisanat et des M\u00e9tiers, M. Mohamed Ould Howeiriya.<\/p>\n<p>Il a indiqu\u00e9 que le minist\u00e8re s&#8217;est employ\u00e9 \u00e0 d\u00e9velopper et \u00e0 accro\u00eetre la capacit\u00e9 des \u00e9coles de formation professionnelle. De nouvelles \u00e9coles ont \u00e9t\u00e9 construites et d&#8217;autres r\u00e9nov\u00e9es, portant la capacit\u00e9 d&#8217;accueil \u00e0 15 000 places. Cela s&#8217;inscrit dans la politique de d\u00e9veloppement et d&#8217;\u00e9largissement du cercle des b\u00e9n\u00e9ficiaires de la formation technique et professionnelle dans le pays, concr\u00e9tisant le programme de Son Excellence le Pr\u00e9sident de la R\u00e9publique, M. Mohamed Ould Cheikh El Ghazouani.<\/p>\n<p>Il a ajout\u00e9 que la premi\u00e8re ann\u00e9e de son second mandat du pr\u00e9sident de la R\u00e9publique a \u00e9t\u00e9 marqu\u00e9e par l&#8217;inauguration de plusieurs infrastructures essentielles qui am\u00e9lioreront les possibilit\u00e9s de formation, notamment l&#8217;\u00c9cole des mines, du p\u00e9trole et du gaz, et la pose de la premi\u00e8re pierre de l&#8217;\u00c9cole de formation professionnelle commerciale de Nouakchott.<\/p>\n<p>Il a soulign\u00e9 que ces infrastructures s&#8217;inscrivent dans un ensemble de projets majeurs qui fourniront une main-d&#8217;\u0153uvre qualifi\u00e9e \u00e0 des secteurs cl\u00e9s de l&#8217;\u00e9conomie nationale.<\/p>\n<p>Il a soulign\u00e9 le r\u00f4le important que joue la formation professionnelle dans le domaine social en permettant \u00e0 un grand nombre de jeunes d&#8217;acqu\u00e9rir les comp\u00e9tences n\u00e9cessaires pour acc\u00e9der au march\u00e9 du travail et gagner d\u00e9cemment leur vie.<\/p>\n<p>Il a d\u00e9clar\u00e9 que, dans le cadre de ses efforts pour renforcer les performances de la formation professionnelle et \u00e9largir ses domaines d&#8217;application, le minist\u00e8re travaille \u00e0 la cr\u00e9ation prochaine de deux p\u00f4les de formation professionnelle financ\u00e9s par la Banque islamique de d\u00e9veloppement, l&#8217;un dans la moughataa de Dar Naim, d&#8217;une capacit\u00e9 de 1 280 places dans 34 sp\u00e9cialit\u00e9s au profit de six secteurs \u00e9conomiques, et l&#8217;autre dans la moughataa d\u2019El Mina, d&#8217;une capacit\u00e9 de 1 220 places dans 22 sp\u00e9cialit\u00e9s au profit de cinq secteurs vitaux.<\/p>\n<p>Il a indiqu\u00e9 que la premi\u00e8re phase d&#8217;agrandissement et de r\u00e9habilitation du Centre sup\u00e9rieur d&#8217;enseignement technique de Nouakchott \u00e9tait en voie d&#8217;ach\u00e8vement et que la deuxi\u00e8me phase \u00e9tait en cours de pr\u00e9paration, pr\u00e9cisant qu&#8217;une s\u00e9rie d&#8217;autres mesures seront prises pour renforcer les performances des instituts de formation professionnelle, notamment la r\u00e9novation de l&#8217;Institut de formation professionnelle d&#8217;Aleg au Brakna et l&#8217;\u00e9cole de formation professionnelle de Rosso au Trarza.<\/p>\n<p>Il a ajout\u00e9 que, parall\u00e8lement \u00e0 la mise en service du village artisanal de Nouakchott, des programmes ont \u00e9t\u00e9 \u00e9labor\u00e9s pour le centre de formation professionnelle de l&#8217;artisanat, soulignant que, parall\u00e8lement \u00e0 ces investissements importants, le d\u00e9partement a lanc\u00e9 un programme visant \u00e0 am\u00e9liorer la qualit\u00e9 des \u00e9coles de formation professionnelle, qui a permis jusqu&#8217;\u00e0 pr\u00e9sent de recruter 110 enseignants stagiaires, de lancer des appels d&#8217;offres pour moderniser l&#8217;\u00e9quipement de plusieurs \u00e9coles, d&#8217;adopter un guide national pour la qualit\u00e9 de la formation professionnelle et de commencer \u00e0 le mettre en \u0153uvre dans les \u00e9coles.<\/p>\n<p>Il a d\u00e9clar\u00e9 que le minist\u00e8re esp\u00e8re que toutes ces mesures importantes conduiront \u00e0 la certification de certaines \u00e9coles de formation professionnelle de notre pays selon la norme de qualit\u00e9 ISO 21001 d&#8217;ici la fin de cette ann\u00e9e.<\/p>\n<p>Il a expliqu\u00e9 que, dans le but de diversifier les offres de formation au profit d&#8217;un plus grand nombre de jeunes qui n&#8217;ont pas eu la chance de poursuivre leurs \u00e9tudes, le minist\u00e8re a mis la touche finale \u00e0 une \u00e9tude visant \u00e0 cr\u00e9er une \u00ab \u00e9cole de la deuxi\u00e8me chance dans la formation professionnelle \u00bb qui servira de creuset pour accueillir ces jeunes, les encadrer et les pr\u00e9parer \u00e0 la vie professionnelle.<\/p>\n<p>Il a indiqu\u00e9 que la pose de la premi\u00e8re pierre du si\u00e8ge de l&#8217;\u00e9cole de formation technique et professionnelle aux technologies de l&#8217;information et de la communication \u00e0 Nouadhibou s&#8217;inscrit dans le cadre d&#8217;un projet qui portera le nombre de places de cette \u00e9cole \u00e0 1 000 et \u00e9largira son offre de formation \u00e0 de nouveaux secteurs \u00e9conomiques.<\/p>\n","protected":false},"excerpt":{"rendered":"<p>Les domaines de la formation professionnelle, l&#8217;artisanat et des m\u00e9tiers ont fait l&#8217;objet d&#8217;une attention particuli\u00e8re de la part des plus hautes autorit\u00e9s du pays. Un d\u00e9partement minist\u00e9riel a \u00e9t\u00e9 cr\u00e9\u00e9 pour promouvoir ces fili\u00e8res et renforcer leur int\u00e9gration au sein du syst\u00e8me \u00e9conomique national, conform\u00e9ment aux engagements de Son Excellence le Pr\u00e9sident de la [&hellip;]<\/p>\n","protected":false},"author":21,"featured_media":277770,"comment_status":"open","ping_status":"open","sticky":false,"template":"","format":"standard","meta":{"footnotes":""},"categories":[63918,63957,63959],"tags":[],"class_list":["post-277769","post","type-post","status-publish","format-standard","has-post-thumbnail","hentry","category-autres","category-fil-dactualite","category-mauritanie"],"_links":{"self":[{"href":"https:\/\/ami.mr\/fr\/wp-json\/wp\/v2\/posts\/277769","targetHints":{"allow":["GET"]}}],"collection":[{"href":"https:\/\/ami.mr\/fr\/wp-json\/wp\/v2\/posts"}],"about":[{"href":"https:\/\/ami.mr\/fr\/wp-json\/wp\/v2\/types\/post"}],"author":[{"embeddable":true,"href":"https:\/\/ami.mr\/fr\/wp-json\/wp\/v2\/users\/21"}],"replies":[{"embeddable":true,"href":"https:\/\/ami.mr\/fr\/wp-json\/wp\/v2\/comments?post=277769"}],"version-history":[{"count":1,"href":"https:\/\/ami.mr\/fr\/wp-json\/wp\/v2\/posts\/277769\/revisions"}],"predecessor-version":[{"id":277772,"href":"https:\/\/ami.mr\/fr\/wp-json\/wp\/v2\/posts\/277769\/revisions\/277772"}],"wp:featuredmedia":[{"embeddable":true,"href":"https:\/\/ami.mr\/fr\/wp-json\/wp\/v2\/media\/277770"}],"wp:attachment":[{"href":"https:\/\/ami.mr\/fr\/wp-json\/wp\/v2\/media?parent=277769"}],"wp:term":[{"taxonomy":"category","embeddable":true,"href":"https:\/\/ami.mr\/fr\/wp-json\/wp\/v2\/categories?post=277769"},{"taxonomy":"post_tag","embeddable":true,"href":"https:\/\/ami.mr\/fr\/wp-json\/wp\/v2\/tags?post=277769"}],"curies":[{"name":"wp","href":"https:\/\/api.w.org\/{rel}","templated":true}]}}