{"id":277766,"date":"2025-08-24T11:07:45","date_gmt":"2025-08-24T11:07:45","guid":{"rendered":"https:\/\/ami.mr\/fr\/?p=277766"},"modified":"2025-08-24T11:07:45","modified_gmt":"2025-08-24T11:07:45","slug":"zouerate-cloture-des-activites-de-la-semaine-nationale-de-la-culture-et-des-arts","status":"publish","type":"post","link":"https:\/\/ami.mr\/fr\/archives\/277766","title":{"rendered":"Zouerate : Cl\u00f4ture des activit\u00e9s de la semaine nationale de la culture et des arts"},"content":{"rendered":"<p>Le wali de Tiris Zemmour, M. Teyib Ould Mohamed Mahmoud, a pr\u00e9sid\u00e9 samedi soir \u00e0 Zouerate la cl\u00f4ture de la semaine nationale de la culture et des arts organis\u00e9e par le minist\u00e8re de la Culture, des Arts, de la Communication et des Relations avec le Parlement, au niveau de la wilaya.<\/p>\n<p>Les activit\u00e9s de cette semaine culturelle comprenaient l&#8217;organisation de concours dans les domaines culturel et litt\u00e9raire, la m\u00e9morisation et la r\u00e9citation du Coran, les louanges du Proph\u00e8te (PSL), la po\u00e9sie classique et populaire dans toutes les langues nationales, et les arts plastiques.<\/p>\n<p>Cette manifestation culturelle a \u00e9galement \u00e9t\u00e9 l&#8217;occasion d&#8217;organiser des repr\u00e9sentations th\u00e9\u00e2trales mettant en \u00e9vidence les dangers de la drogue, des psychotropes, de l&#8217;extr\u00e9misme et du fanatisme, ainsi que des expositions visant \u00e0 mettre en valeur les atouts touristiques de la wilaya de Tiris Zemmour et ses infrastructures dans ce domaine.<\/p>\n<p>Dans son discours, le d\u00e9l\u00e9gu\u00e9 r\u00e9gional du minist\u00e8re de la Culture, des Arts, de la Communication et des Relations avec le Parlement, M. Ahmed Ould Soueidi, a f\u00e9licit\u00e9 les \u00e9quipes participantes et les laur\u00e9ats des concours, remerciant les jurys, les organisateurs et les participants pour leurs efforts appr\u00e9ci\u00e9s qui ont contribu\u00e9 au succ\u00e8s de cet \u00e9v\u00e9nement.<\/p>\n<p>La c\u00e9r\u00e9monie de cl\u00f4ture s&#8217;est d\u00e9roul\u00e9e en pr\u00e9sence du pr\u00e9sident du Conseil r\u00e9gional de la r\u00e9gion de Tiris Zemmour, M. El Hadrami Ould Hamadi, du conseiller du wali charg\u00e9 des affaires \u00e9conomiques et du d\u00e9veloppement local, M. Mohamed Moustapha Ould Mohamed Lemine, du hakem de la moughataa de Zouerate, M. Mohamed Mahmoud Ould Sidi Ali, de la maire adjointe de la commune, Mme Amina Demba Sow, les autorit\u00e9s administratives, les responsables des services de s\u00e9curit\u00e9 et une foule nombreuse d\u2019habitants de la ville de Zouerate.<\/p>\n","protected":false},"excerpt":{"rendered":"<p>Le wali de Tiris Zemmour, M. Teyib Ould Mohamed Mahmoud, a pr\u00e9sid\u00e9 samedi soir \u00e0 Zouerate la cl\u00f4ture de la semaine nationale de la culture et des arts organis\u00e9e par le minist\u00e8re de la Culture, des Arts, de la Communication et des Relations avec le Parlement, au niveau de la wilaya. Les activit\u00e9s de cette [&hellip;]<\/p>\n","protected":false},"author":21,"featured_media":277767,"comment_status":"open","ping_status":"open","sticky":false,"template":"","format":"standard","meta":{"footnotes":""},"categories":[63918,63957,8672],"tags":[],"class_list":["post-277766","post","type-post","status-publish","format-standard","has-post-thumbnail","hentry","category-autres","category-fil-dactualite","category-8672"],"_links":{"self":[{"href":"https:\/\/ami.mr\/fr\/wp-json\/wp\/v2\/posts\/277766","targetHints":{"allow":["GET"]}}],"collection":[{"href":"https:\/\/ami.mr\/fr\/wp-json\/wp\/v2\/posts"}],"about":[{"href":"https:\/\/ami.mr\/fr\/wp-json\/wp\/v2\/types\/post"}],"author":[{"embeddable":true,"href":"https:\/\/ami.mr\/fr\/wp-json\/wp\/v2\/users\/21"}],"replies":[{"embeddable":true,"href":"https:\/\/ami.mr\/fr\/wp-json\/wp\/v2\/comments?post=277766"}],"version-history":[{"count":1,"href":"https:\/\/ami.mr\/fr\/wp-json\/wp\/v2\/posts\/277766\/revisions"}],"predecessor-version":[{"id":277768,"href":"https:\/\/ami.mr\/fr\/wp-json\/wp\/v2\/posts\/277766\/revisions\/277768"}],"wp:featuredmedia":[{"embeddable":true,"href":"https:\/\/ami.mr\/fr\/wp-json\/wp\/v2\/media\/277767"}],"wp:attachment":[{"href":"https:\/\/ami.mr\/fr\/wp-json\/wp\/v2\/media?parent=277766"}],"wp:term":[{"taxonomy":"category","embeddable":true,"href":"https:\/\/ami.mr\/fr\/wp-json\/wp\/v2\/categories?post=277766"},{"taxonomy":"post_tag","embeddable":true,"href":"https:\/\/ami.mr\/fr\/wp-json\/wp\/v2\/tags?post=277766"}],"curies":[{"name":"wp","href":"https:\/\/api.w.org\/{rel}","templated":true}]}}