{"id":277760,"date":"2025-08-24T10:28:46","date_gmt":"2025-08-24T10:28:46","guid":{"rendered":"https:\/\/ami.mr\/fr\/?p=277760"},"modified":"2025-08-24T10:28:46","modified_gmt":"2025-08-24T10:28:46","slug":"lancement-des-activites-de-la-semaine-nationale-de-la-culture-et-des-arts-dans-la-wilaya-du-guidimagha","status":"publish","type":"post","link":"https:\/\/ami.mr\/fr\/archives\/277760","title":{"rendered":"Lancement des activit\u00e9s de la semaine nationale de la culture et des arts dans la wilaya du Guidimagha"},"content":{"rendered":"<p>Le wali adjoint de Guidimagha, M. Mohamed El Arbi Mohameden Sidi Mohamed, a pr\u00e9sid\u00e9 samedi soir \u00e0 S\u00e9libabi le lancement des activit\u00e9s de la Semaine nationale de la culture et des arts dans la wilaya.<\/p>\n<p>Organis\u00e9e par le minist\u00e8re de la Culture, des Arts, de la Communication et des Relations avec le Parlement, cette semaine comprend des conf\u00e9rences, des colloques, des soir\u00e9es artistiques, culturelles et litt\u00e9raires, ainsi que des concours de m\u00e9morisation et de r\u00e9citation du Coran, de la biographie du Proph\u00e8te (PSL), et de po\u00e9sie classique et populaire dans diff\u00e9rentes langues nationales.<\/p>\n<p>Dans son discours prononc\u00e9 \u00e0 cette occasion, le wali adjoint a pr\u00e9cis\u00e9 que l&#8217;organisation de cette manifestation culturelle s&#8217;inscrit dans le cadre des directives de Son Excellence le Pr\u00e9sident de la R\u00e9publique, M. Mohamed Ould Cheikh El Ghazouani, visant \u00e0 promouvoir le tourisme int\u00e9rieur et \u00e0 dynamiser le d\u00e9veloppement local.<\/p>\n<p>Il a ajout\u00e9 que le minist\u00e8re de la Culture, des Arts, de la Communication et des Relations avec le Parlement a pris les mesures et dispositions n\u00e9cessaires pour que ce festival atteigne les r\u00e9sultats escompt\u00e9s sur les plans culturel et \u00e9conomique.<\/p>\n<p>Il a ajout\u00e9 que les objectifs vis\u00e9s par l&#8217;organisation de cette semaine, avec ses dimensions culturelles, artistiques, sociales et \u00e9conomiques, comprennent la diffusion de la culture citoyenne, la cr\u00e9ation d&#8217;espaces de d\u00e9veloppement par le soutien au tourisme int\u00e9rieur et l&#8217;encouragement \u00e0 la culture des vacances dans le pays et de renforcer l&#8217;unit\u00e9 nationale, la diversit\u00e9 culturelle, les valeurs de citoyennet\u00e9 et la culture de la paix et de la coh\u00e9sion sociale.<\/p>\n<p>Le pr\u00e9sident du Conseil r\u00e9gional du Guidimagha, M. Issa Coulibaly, et le maire de la commune de Silbabi, M. Oumar Hamady Ba, ont salu\u00e9 dans leurs interventions l&#8217;organisation de cette semaine dans cette wilaya consid\u00e9r\u00e9e comme un mod\u00e8le en miniature de la Mauritanie o\u00f9 cohabitent en toute s\u00e9curit\u00e9 et paix diff\u00e9rentes communaut\u00e9s nationales, ce qui constitue une richesse intellectuelle et culturelle.<\/p>\n<p>Ils ont soulign\u00e9 l&#8217;importance de ce genre de rencontres pour dynamiser la sc\u00e8ne culturelle et renforcer le d\u00e9veloppement local.<\/p>\n<p>Les activit\u00e9s d&#8217;ouverture de cette semaine se sont d\u00e9roul\u00e9es en pr\u00e9sence du hakem de la moughataa de S\u00e9libabi, M. Mohamed Ould Abdallahi, du directeur r\u00e9gional de la culture, des arts, de la communication et des relations avec le Parlement, M. Boubacar Sidigh Fabo, du directeur r\u00e9gional du minist\u00e8re de la Jeunesse, de l&#8217;Emploi, des Sports et du service civique et de nombreux habitants de la ville de S\u00e9libabi.<\/p>\n","protected":false},"excerpt":{"rendered":"<p>Le wali adjoint de Guidimagha, M. Mohamed El Arbi Mohameden Sidi Mohamed, a pr\u00e9sid\u00e9 samedi soir \u00e0 S\u00e9libabi le lancement des activit\u00e9s de la Semaine nationale de la culture et des arts dans la wilaya. Organis\u00e9e par le minist\u00e8re de la Culture, des Arts, de la Communication et des Relations avec le Parlement, cette semaine [&hellip;]<\/p>\n","protected":false},"author":21,"featured_media":277761,"comment_status":"open","ping_status":"open","sticky":false,"template":"","format":"standard","meta":{"footnotes":""},"categories":[63918,63957,8672],"tags":[],"class_list":["post-277760","post","type-post","status-publish","format-standard","has-post-thumbnail","hentry","category-autres","category-fil-dactualite","category-8672"],"_links":{"self":[{"href":"https:\/\/ami.mr\/fr\/wp-json\/wp\/v2\/posts\/277760","targetHints":{"allow":["GET"]}}],"collection":[{"href":"https:\/\/ami.mr\/fr\/wp-json\/wp\/v2\/posts"}],"about":[{"href":"https:\/\/ami.mr\/fr\/wp-json\/wp\/v2\/types\/post"}],"author":[{"embeddable":true,"href":"https:\/\/ami.mr\/fr\/wp-json\/wp\/v2\/users\/21"}],"replies":[{"embeddable":true,"href":"https:\/\/ami.mr\/fr\/wp-json\/wp\/v2\/comments?post=277760"}],"version-history":[{"count":1,"href":"https:\/\/ami.mr\/fr\/wp-json\/wp\/v2\/posts\/277760\/revisions"}],"predecessor-version":[{"id":277762,"href":"https:\/\/ami.mr\/fr\/wp-json\/wp\/v2\/posts\/277760\/revisions\/277762"}],"wp:featuredmedia":[{"embeddable":true,"href":"https:\/\/ami.mr\/fr\/wp-json\/wp\/v2\/media\/277761"}],"wp:attachment":[{"href":"https:\/\/ami.mr\/fr\/wp-json\/wp\/v2\/media?parent=277760"}],"wp:term":[{"taxonomy":"category","embeddable":true,"href":"https:\/\/ami.mr\/fr\/wp-json\/wp\/v2\/categories?post=277760"},{"taxonomy":"post_tag","embeddable":true,"href":"https:\/\/ami.mr\/fr\/wp-json\/wp\/v2\/tags?post=277760"}],"curies":[{"name":"wp","href":"https:\/\/api.w.org\/{rel}","templated":true}]}}