{"id":277693,"date":"2025-08-21T21:28:56","date_gmt":"2025-08-21T21:28:56","guid":{"rendered":"https:\/\/ami.mr\/fr\/?p=277693"},"modified":"2025-08-21T21:28:56","modified_gmt":"2025-08-21T21:28:56","slug":"le-hakem-de-kaedi-visite-les-quartiers-de-la-ville-apres-les-pluies-et-rassure-la-population","status":"publish","type":"post","link":"https:\/\/ami.mr\/fr\/archives\/277693","title":{"rendered":"Le hakem de Ka\u00e9di visite les quartiers de la ville apr\u00e8s les pluies et rassure la population"},"content":{"rendered":"<div class=\"cell auto-size\">\n<div class=\"set-border bd-gray padding10 margin10 no-margin-right no-margin-left \" dir=\"ltr\">\n<p>Le hakem de la moughataa de Ka\u00e9di, M. Mohamed Salem Beilil, a effectu\u00e9 ce jeudi une visite de terrain dans plusieurs quartiers r\u00e9sidentiels de la ville, afin de constater la situation apr\u00e8s les inondations et les fortes pluies qu&#8217;a connues la r\u00e9gion la nuit derni\u00e8re.<\/p>\n<p>Au cours de sa tourn\u00e9e, le hakem a constat\u00e9 sur le terrain les effets des inondations sur les quartiers r\u00e9sidentiels et les infrastructures, et a \u00e9cout\u00e9 les plaintes des habitants des zones basses situ\u00e9es dans le lit des eaux.<\/p>\n<p>Dans une d\u00e9claration \u00e0 l&#8217;Agence Mauritanienne d&#8217;Information, le hakem a affirm\u00e9 que les autorit\u00e9s locales suivent de pr\u00e8s la situation en coordination avec les parties concern\u00e9es, et prenaient les mesures n\u00e9cessaires pour assurer la s\u00e9curit\u00e9 des citoyens, soulignant que les pluies n&#8217;avaient pas caus\u00e9 de d\u00e9g\u00e2ts majeurs, malgr\u00e9 l&#8217;exposition de certaines maisons au risque des eaux venant de l&#8217;ext\u00e9rieur de la ville.<\/p>\n<p>Il a ajout\u00e9 que cette visite s&#8217;inscrivait dans le cadre de la volont\u00e9 des autorit\u00e9s administratives de la wilaya de Gorgol d&#8217;assurer un suivi direct et une r\u00e9ponse imm\u00e9diate aux besoins des citoyens, en particulier dans les conditions climatiques actuelles que conna\u00eet la saison des pluies.<\/p>\n<p>Le hakem \u00e9tait accompagn\u00e9 lors de cette visite par l&#8217;adjoint au maire de la commune de Ka\u00e9di, les d\u00e9l\u00e9gu\u00e9s de l\u2019Hydraulique et de l&#8217;Assainissement, ainsi que des repr\u00e9sentants de l&#8217;Office National de l&#8217;Assainissement et des autorit\u00e9s s\u00e9curitaires de la wilaya.<\/p>\n<\/div>\n<\/div>\n","protected":false},"excerpt":{"rendered":"<p>Le hakem de la moughataa de Ka\u00e9di, M. Mohamed Salem Beilil, a effectu\u00e9 ce jeudi une visite de terrain dans plusieurs quartiers r\u00e9sidentiels de la ville, afin de constater la situation apr\u00e8s les inondations et les fortes pluies qu&#8217;a connues la r\u00e9gion la nuit derni\u00e8re. Au cours de sa tourn\u00e9e, le hakem a constat\u00e9 sur [&hellip;]<\/p>\n","protected":false},"author":17,"featured_media":277694,"comment_status":"open","ping_status":"open","sticky":false,"template":"","format":"standard","meta":{"footnotes":""},"categories":[63918,63957,8672],"tags":[],"class_list":["post-277693","post","type-post","status-publish","format-standard","has-post-thumbnail","hentry","category-autres","category-fil-dactualite","category-8672"],"_links":{"self":[{"href":"https:\/\/ami.mr\/fr\/wp-json\/wp\/v2\/posts\/277693","targetHints":{"allow":["GET"]}}],"collection":[{"href":"https:\/\/ami.mr\/fr\/wp-json\/wp\/v2\/posts"}],"about":[{"href":"https:\/\/ami.mr\/fr\/wp-json\/wp\/v2\/types\/post"}],"author":[{"embeddable":true,"href":"https:\/\/ami.mr\/fr\/wp-json\/wp\/v2\/users\/17"}],"replies":[{"embeddable":true,"href":"https:\/\/ami.mr\/fr\/wp-json\/wp\/v2\/comments?post=277693"}],"version-history":[{"count":1,"href":"https:\/\/ami.mr\/fr\/wp-json\/wp\/v2\/posts\/277693\/revisions"}],"predecessor-version":[{"id":277695,"href":"https:\/\/ami.mr\/fr\/wp-json\/wp\/v2\/posts\/277693\/revisions\/277695"}],"wp:featuredmedia":[{"embeddable":true,"href":"https:\/\/ami.mr\/fr\/wp-json\/wp\/v2\/media\/277694"}],"wp:attachment":[{"href":"https:\/\/ami.mr\/fr\/wp-json\/wp\/v2\/media?parent=277693"}],"wp:term":[{"taxonomy":"category","embeddable":true,"href":"https:\/\/ami.mr\/fr\/wp-json\/wp\/v2\/categories?post=277693"},{"taxonomy":"post_tag","embeddable":true,"href":"https:\/\/ami.mr\/fr\/wp-json\/wp\/v2\/tags?post=277693"}],"curies":[{"name":"wp","href":"https:\/\/api.w.org\/{rel}","templated":true}]}}