{"id":277315,"date":"2025-08-14T19:03:54","date_gmt":"2025-08-14T19:03:54","guid":{"rendered":"https:\/\/ami.mr\/fr\/?p=277315"},"modified":"2025-08-14T19:03:54","modified_gmt":"2025-08-14T19:03:54","slug":"le-wali-de-linchiri-inspecte-les-travaux-de-construction-dun-etablissement-scolaire","status":"publish","type":"post","link":"https:\/\/ami.mr\/fr\/archives\/277315","title":{"rendered":"Le wali de l&#8217;Inchiri inspecte les travaux de construction d&#8217;un \u00e9tablissement scolaire"},"content":{"rendered":"<p>Le wali de l&#8217;Inchiri, M. Idrissa Demba Korera, a effectu\u00e9 jeudi une visite de terrain aux ateliers de construction de b\u00e2timents scolaires dans la ville d&#8217;Akjoujt, r\u00e9alis\u00e9s par Kinross Taziast-Mauritanie dans le cadre son programme d&#8217;intervention sociale.<\/p>\n<p>Il s\u2019agit de la construction d\u2019une \u00e9cole de six salles de classe, des b\u00e2timents administratifs, une salle de r\u00e9union et des toilettes publiques, en plus de 11 salles de classe dans sept autres \u00e9coles de la ville.<\/p>\n<p>Ces constructions contribueront \u00e0 la mise en \u0153uvre effective de l&#8217;option de l&#8217;\u00e9cole r\u00e9publicaine visant \u00e0 assurer une \u00e9ducation de qualit\u00e9 avec l&#8217;\u00e9galit\u00e9 des chances pour les enfants mauritaniens en fournissant des b\u00e2timents et en r\u00e9duisant la surpopulation qui a \u00e9t\u00e9 observ\u00e9e au niveau des \u00e9coles de la ville.<\/p>\n<p>Dans une allocution prononc\u00e9e \u00e0 cette occasion, le wali a soulign\u00e9 l&#8217;importance de ces \u00e9quipements dans l&#8217;accompagnement du programme du pr\u00e9sident de la R\u00e9publique, Mohamed Ould Cheikh El-Ghazouani, au niveau de la wilaya, notamment dans son volet relatif \u00e0 l&#8217;\u00e9cole r\u00e9publicaine, notant que la r\u00e9forme de l&#8217;enseignement est l&#8217;un des fondements du d\u00e9veloppement durable.<\/p>\n<p>Il a indiqu\u00e9 que le Fonds d&#8217;intervention sociale de Kinross Taziast-Mauritanie a orient\u00e9 ses premi\u00e8res interventions vers l&#8217;\u00e9ducation en raison de son importance, o\u00f9 des projets de d\u00e9veloppement seront mis en \u0153uvre dans les communes de Benichab et de Mha\u00efjratt.<\/p>\n<p>Il a remerci\u00e9 Taziast-Mauritanie pour ce projet relatif aux \u00e9coles, appelant \u00e0 sa mise en \u0153uvre conform\u00e9ment aux normes les plus \u00e9lev\u00e9es de pr\u00e9cision et de professionnalisme exig\u00e9es par ces \u00e9tablissements.<\/p>\n<p>Il a indiqu\u00e9 que ce projet est le r\u00e9sultat d&#8217;un accord commun entre l&#8217;administration locale, les \u00e9lus et Taziast-Mauritanie apr\u00e8s des consultations conjointes qui ont port\u00e9 notamment sur l&#8217;identification des priorit\u00e9s de d\u00e9veloppement au niveau de la wilaya, esp\u00e9rant que les interventions qui seront mises en \u0153uvre par le Fonds atteindront bient\u00f4t d&#8217;autres r\u00e9gions.<\/p>\n<p>Pour sa part, le pr\u00e9sident de la r\u00e9gion de l&#8217;Inchiri, M. Cheikh Melainine Abeidi Ould Gharraby, a soulign\u00e9 l&#8217;importance de ce projet vital visant \u00e0 soutenir l&#8217;\u00e9cole r\u00e9publicaine et \u00e0 r\u00e9duire la surcharge des classes, remerciant Taziast d&#8217;avoir allou\u00e9 un fonds pour les interventions sociales dans la wilaya.<\/p>\n<p>Il a pr\u00e9cis\u00e9 que ce projet intervient \u00e0 l&#8217;issue d&#8217;une s\u00e9rie de discussions s\u00e9rieuses et conjointes entre les autorit\u00e9s administratives, les \u00e9lus et l&#8217;entreprise, passant en revue les principaux projets qui ont \u00e9t\u00e9 retenus pour \u00eatre r\u00e9alis\u00e9s dans une premi\u00e8re phase qui englobera les communes de Benichab et de Mha\u00efjratt.<\/p>\n<p>Pour sa part, M. Dahi Ould El Mamy, maire de la municipalit\u00e9 d&#8217;Akjoujt, a salu\u00e9 les interventions que cette soci\u00e9t\u00e9 a commenc\u00e9 \u00e0 mettre en \u0153uvre apr\u00e8s les r\u00e9centes consultations, soulignant que les autorit\u00e9s administratives et les \u00e9lus se sont mis d&#8217;accord sur la n\u00e9cessit\u00e9 de rem\u00e9dier \u00e0 la surcharge des \u00e9coles et que, au cours des derniers mois, la mise en \u0153uvre de ce projet relatif \u00e0 la construction de salles de classe a \u00e9t\u00e9 entam\u00e9e.<\/p>\n<p>Il a soulign\u00e9 la n\u00e9cessit\u00e9 d&#8217;achever ce projet avant la prochaine rentr\u00e9e scolaire, ajoutant que la coop\u00e9ration se poursuivra et portera sur d&#8217;autres domaines, notamment la construction d&#8217;un complexe commercial dans la commune d&#8217;Akjoujt.<\/p>\n<p>Le vice-pr\u00e9sident charg\u00e9 des relations ext\u00e9rieures de la soci\u00e9t\u00e9, M. Baba Ould Salihi, a indiqu\u00e9 dans une allocution pr\u00e9alable que cette visite lui a permis de s&#8217;enqu\u00e9rir de l&#8217;\u00e9tat d&#8217;avancement du projet afin d&#8217;en assurer la livraison avant l&#8217;ouverture de la prochaine ann\u00e9e scolaire.<\/p>\n<p>Il a remerci\u00e9 les autorit\u00e9s administratives et les \u00e9lus pour le r\u00f4le consultatif qu&#8217;ils ont jou\u00e9 dans l&#8217;identification de ces priorit\u00e9s et le lancement de la mise en \u0153uvre de ce projet, qui permettra de r\u00e9duire la surpopulation dans le milieu scolaire, exprimant la volont\u00e9 de l&#8217;entreprise de soutenir l&#8217;\u00e9ducation au niveau de la wilaya en fournissant des uniformes et des outils scolaires.<\/p>\n<p>Il a ajout\u00e9 que la soci\u00e9t\u00e9 avait pris en compte le contenu local dans les diff\u00e9rentes \u00e9tapes de la mise en \u0153uvre du projet en s&#8217;appuyant sur le march\u00e9 local pour les mat\u00e9riaux de construction et en allouant un pourcentage de la main-d&#8217;\u0153uvre \u00e0 la population de la wilaya.<\/p>\n","protected":false},"excerpt":{"rendered":"<p>Le wali de l&#8217;Inchiri, M. Idrissa Demba Korera, a effectu\u00e9 jeudi une visite de terrain aux ateliers de construction de b\u00e2timents scolaires dans la ville d&#8217;Akjoujt, r\u00e9alis\u00e9s par Kinross Taziast-Mauritanie dans le cadre son programme d&#8217;intervention sociale. Il s\u2019agit de la construction d\u2019une \u00e9cole de six salles de classe, des b\u00e2timents administratifs, une salle de [&hellip;]<\/p>\n","protected":false},"author":17,"featured_media":277316,"comment_status":"open","ping_status":"open","sticky":false,"template":"","format":"standard","meta":{"footnotes":""},"categories":[63918,63957,8672],"tags":[],"class_list":["post-277315","post","type-post","status-publish","format-standard","has-post-thumbnail","hentry","category-autres","category-fil-dactualite","category-8672"],"_links":{"self":[{"href":"https:\/\/ami.mr\/fr\/wp-json\/wp\/v2\/posts\/277315","targetHints":{"allow":["GET"]}}],"collection":[{"href":"https:\/\/ami.mr\/fr\/wp-json\/wp\/v2\/posts"}],"about":[{"href":"https:\/\/ami.mr\/fr\/wp-json\/wp\/v2\/types\/post"}],"author":[{"embeddable":true,"href":"https:\/\/ami.mr\/fr\/wp-json\/wp\/v2\/users\/17"}],"replies":[{"embeddable":true,"href":"https:\/\/ami.mr\/fr\/wp-json\/wp\/v2\/comments?post=277315"}],"version-history":[{"count":1,"href":"https:\/\/ami.mr\/fr\/wp-json\/wp\/v2\/posts\/277315\/revisions"}],"predecessor-version":[{"id":277317,"href":"https:\/\/ami.mr\/fr\/wp-json\/wp\/v2\/posts\/277315\/revisions\/277317"}],"wp:featuredmedia":[{"embeddable":true,"href":"https:\/\/ami.mr\/fr\/wp-json\/wp\/v2\/media\/277316"}],"wp:attachment":[{"href":"https:\/\/ami.mr\/fr\/wp-json\/wp\/v2\/media?parent=277315"}],"wp:term":[{"taxonomy":"category","embeddable":true,"href":"https:\/\/ami.mr\/fr\/wp-json\/wp\/v2\/categories?post=277315"},{"taxonomy":"post_tag","embeddable":true,"href":"https:\/\/ami.mr\/fr\/wp-json\/wp\/v2\/tags?post=277315"}],"curies":[{"name":"wp","href":"https:\/\/api.w.org\/{rel}","templated":true}]}}