{"id":277268,"date":"2025-08-13T16:19:38","date_gmt":"2025-08-13T16:19:38","guid":{"rendered":"https:\/\/ami.mr\/fr\/?p=277268"},"modified":"2025-08-13T16:19:38","modified_gmt":"2025-08-13T16:19:38","slug":"trarza-la-commission-regionale-de-gestion-des-crises-examine-les-mesures-preventives-pour-faire-face-aux-inondations","status":"publish","type":"post","link":"https:\/\/ami.mr\/fr\/archives\/277268","title":{"rendered":"Trarza: La Commission R\u00e9gionale de Gestion des Crises examine les mesures pr\u00e9ventives pour faire face aux inondations"},"content":{"rendered":"<p>Le wali du Trarza, M. Ahmedna Ould Sidi Ebba, a tenu mercredi \u00e0 Rosso une r\u00e9union avec la Commission R\u00e9gionale de Gestion des Crises et des Urgences au niveau de la wilaya.<\/p>\n<p>La r\u00e9union a abord\u00e9 les mesures prises pour faire face aux inondations, ainsi que l&#8217;adoption et le renforcement de ces mesures en fonction de la situation.<\/p>\n<p>Le wali a expliqu\u00e9 dans un discours \u00e0 cette occasion que la r\u00e9union s&#8217;inscrit dans le cadre des pr\u00e9paratifs en vue de la saison des pluies et de l&#8217;\u00e9valuation du d\u00e9but de cette saison au niveau de la wilaya, indiquant que la Commission a d\u00e9cid\u00e9 d&#8217;envoyer une mission technique pour \u00e9valuer la situation dans les villages et agglom\u00e9rations riveraines du fleuve.<\/p>\n<p>Au cours de la r\u00e9union, des expos\u00e9s ont \u00e9t\u00e9 pr\u00e9sent\u00e9s sur les efforts d\u00e9ploy\u00e9s par le d\u00e9partement de l&#8217;Hydraulique et de l&#8217;assainissement pour faire face aux eaux de pluie via le r\u00e9seau d&#8217;assainissement de Rosso, et les \u00e9quipes de terrain charg\u00e9es de cette t\u00e2che.<\/p>\n<p>C\u2019\u00e9tait aussi l\u2019occasion de mettre en \u00e9vidence les obstacles et les difficult\u00e9s rencontr\u00e9s dans ce domaine.<\/p>\n","protected":false},"excerpt":{"rendered":"<p>Le wali du Trarza, M. Ahmedna Ould Sidi Ebba, a tenu mercredi \u00e0 Rosso une r\u00e9union avec la Commission R\u00e9gionale de Gestion des Crises et des Urgences au niveau de la wilaya. La r\u00e9union a abord\u00e9 les mesures prises pour faire face aux inondations, ainsi que l&#8217;adoption et le renforcement de ces mesures en fonction [&hellip;]<\/p>\n","protected":false},"author":2,"featured_media":277269,"comment_status":"open","ping_status":"open","sticky":false,"template":"","format":"standard","meta":{"footnotes":""},"categories":[63918,63957,8672],"tags":[],"class_list":["post-277268","post","type-post","status-publish","format-standard","has-post-thumbnail","hentry","category-autres","category-fil-dactualite","category-8672"],"_links":{"self":[{"href":"https:\/\/ami.mr\/fr\/wp-json\/wp\/v2\/posts\/277268","targetHints":{"allow":["GET"]}}],"collection":[{"href":"https:\/\/ami.mr\/fr\/wp-json\/wp\/v2\/posts"}],"about":[{"href":"https:\/\/ami.mr\/fr\/wp-json\/wp\/v2\/types\/post"}],"author":[{"embeddable":true,"href":"https:\/\/ami.mr\/fr\/wp-json\/wp\/v2\/users\/2"}],"replies":[{"embeddable":true,"href":"https:\/\/ami.mr\/fr\/wp-json\/wp\/v2\/comments?post=277268"}],"version-history":[{"count":1,"href":"https:\/\/ami.mr\/fr\/wp-json\/wp\/v2\/posts\/277268\/revisions"}],"predecessor-version":[{"id":277270,"href":"https:\/\/ami.mr\/fr\/wp-json\/wp\/v2\/posts\/277268\/revisions\/277270"}],"wp:featuredmedia":[{"embeddable":true,"href":"https:\/\/ami.mr\/fr\/wp-json\/wp\/v2\/media\/277269"}],"wp:attachment":[{"href":"https:\/\/ami.mr\/fr\/wp-json\/wp\/v2\/media?parent=277268"}],"wp:term":[{"taxonomy":"category","embeddable":true,"href":"https:\/\/ami.mr\/fr\/wp-json\/wp\/v2\/categories?post=277268"},{"taxonomy":"post_tag","embeddable":true,"href":"https:\/\/ami.mr\/fr\/wp-json\/wp\/v2\/tags?post=277268"}],"curies":[{"name":"wp","href":"https:\/\/api.w.org\/{rel}","templated":true}]}}