{"id":277228,"date":"2025-08-12T21:33:05","date_gmt":"2025-08-12T21:33:05","guid":{"rendered":"https:\/\/ami.mr\/fr\/?p=277228"},"modified":"2025-08-12T21:33:05","modified_gmt":"2025-08-12T21:33:05","slug":"le-president-de-la-republique-commence-ses-vacances-annuelles-a-linterieur-du-pays","status":"publish","type":"post","link":"https:\/\/ami.mr\/fr\/archives\/277228","title":{"rendered":"Le Pr\u00e9sident de la R\u00e9publique commence ses vacances annuelles \u00e0 l&#8217;int\u00e9rieur du pays"},"content":{"rendered":"<div class=\"row\"><\/div>\n<div class=\"row\">\n<div class=\"cell auto-size\">\n<div class=\"set-border bd-gray padding10 margin10 no-margin-right no-margin-left \" dir=\"ltr\">\n<p>Son Excellence le Pr\u00e9sident de la R\u00e9publique, Monsieur Mohamed Ould Cheikh El Ghazouani, a entam\u00e9 mardi soir ses vacances annuelles \u00e0 l&#8217;int\u00e9rieur du pays.<\/p>\n<\/div>\n<\/div>\n<\/div>\n","protected":false},"excerpt":{"rendered":"<p>Son Excellence le Pr\u00e9sident de la R\u00e9publique, Monsieur Mohamed Ould Cheikh El Ghazouani, a entam\u00e9 mardi soir ses vacances annuelles \u00e0 l&#8217;int\u00e9rieur du pays.<\/p>\n","protected":false},"author":8,"featured_media":277231,"comment_status":"open","ping_status":"open","sticky":false,"template":"","format":"standard","meta":{"footnotes":""},"categories":[63957,25,63921,63926],"tags":[],"class_list":["post-277228","post","type-post","status-publish","format-standard","has-post-thumbnail","hentry","category-fil-dactualite","category-25","category-slider-afficher","category-slider-general"],"_links":{"self":[{"href":"https:\/\/ami.mr\/fr\/wp-json\/wp\/v2\/posts\/277228","targetHints":{"allow":["GET"]}}],"collection":[{"href":"https:\/\/ami.mr\/fr\/wp-json\/wp\/v2\/posts"}],"about":[{"href":"https:\/\/ami.mr\/fr\/wp-json\/wp\/v2\/types\/post"}],"author":[{"embeddable":true,"href":"https:\/\/ami.mr\/fr\/wp-json\/wp\/v2\/users\/8"}],"replies":[{"embeddable":true,"href":"https:\/\/ami.mr\/fr\/wp-json\/wp\/v2\/comments?post=277228"}],"version-history":[{"count":1,"href":"https:\/\/ami.mr\/fr\/wp-json\/wp\/v2\/posts\/277228\/revisions"}],"predecessor-version":[{"id":277232,"href":"https:\/\/ami.mr\/fr\/wp-json\/wp\/v2\/posts\/277228\/revisions\/277232"}],"wp:featuredmedia":[{"embeddable":true,"href":"https:\/\/ami.mr\/fr\/wp-json\/wp\/v2\/media\/277231"}],"wp:attachment":[{"href":"https:\/\/ami.mr\/fr\/wp-json\/wp\/v2\/media?parent=277228"}],"wp:term":[{"taxonomy":"category","embeddable":true,"href":"https:\/\/ami.mr\/fr\/wp-json\/wp\/v2\/categories?post=277228"},{"taxonomy":"post_tag","embeddable":true,"href":"https:\/\/ami.mr\/fr\/wp-json\/wp\/v2\/tags?post=277228"}],"curies":[{"name":"wp","href":"https:\/\/api.w.org\/{rel}","templated":true}]}}