{"id":276964,"date":"2025-08-07T18:04:05","date_gmt":"2025-08-07T18:04:05","guid":{"rendered":"https:\/\/ami.mr\/fr\/?p=276964"},"modified":"2025-08-07T18:29:08","modified_gmt":"2025-08-07T18:29:08","slug":"bulletin-durgence-le-ministere-de-linterieur-deplore-la-perte-de-vie-humaines-suite-aux-ntemperies-estivales","status":"publish","type":"post","link":"https:\/\/ami.mr\/fr\/archives\/276964","title":{"rendered":"Bulletin d&#8217;urgence : Le minist\u00e8re de l&#8217;Int\u00e9rieur d\u00e9plore la perte de vies humaines suite aux intemp\u00e9ries estivales"},"content":{"rendered":"<div class=\"row\"><\/div>\n<div class=\"row\">\n<div class=\"cell auto-size\">\n<div class=\"set-border bd-gray padding10 margin10 no-margin-right no-margin-left \" dir=\"ltr\">\n<p>Le minist\u00e8re de l&#8217;Int\u00e9rieur, de la D\u00e9centralisation et du D\u00e9veloppement local a annonc\u00e9 dans son bulletin d&#8217;urgence du jeudi 7 ao\u00fbt 2025 le d\u00e9c\u00e8s de quatre personnes, trois d&#8217;entre elles suite \u00e0 des temp\u00eates et la quatri\u00e8me par noyade.<\/p>\n<p>Mercredi, une forte temp\u00eate a frapp\u00e9 certaines parties de la wilaya du Brakna, causant la mort de 3 personnes et la blessure de 12 autres dans la localit\u00e9 de Zeghlane dans la municipalit\u00e9 de Bouhdida, moughataa d&#8217;Aleg, ainsi que des dommages au niveau des habitations.<\/p>\n<p>Le minist\u00e8re de l&#8217;Int\u00e9rieur a d\u00e9clar\u00e9 que les autorit\u00e9s administratives de la wilaya ont suivi le cours des \u00e9v\u00e9nements et ont agi d\u00e8s qu&#8217;elles ont re\u00e7u les nouvelles.<\/p>\n<p>Le bulletin d&#8217;urgence fait \u00e9galement \u00e9tat du d\u00e9c\u00e8s d&#8217;un enfant qui s&#8217;est noy\u00e9 dans un \u00e9tang dans la commune de TaChoutt, dans la mougataa de S\u00e9libabi, wilaya du Guidi Magha.<\/p>\n<\/div>\n<\/div>\n<\/div>\n","protected":false},"excerpt":{"rendered":"<p>Le minist\u00e8re de l&#8217;Int\u00e9rieur, de la D\u00e9centralisation et du D\u00e9veloppement local a annonc\u00e9 dans son bulletin d&#8217;urgence du jeudi 7 ao\u00fbt 2025 le d\u00e9c\u00e8s de quatre personnes, trois d&#8217;entre elles suite \u00e0 des temp\u00eates et la quatri\u00e8me par noyade. Mercredi, une forte temp\u00eate a frapp\u00e9 certaines parties de la wilaya du Brakna, causant la mort [&hellip;]<\/p>\n","protected":false},"author":8,"featured_media":276965,"comment_status":"open","ping_status":"open","sticky":false,"template":"","format":"standard","meta":{"footnotes":""},"categories":[63920,63957],"tags":[],"class_list":["post-276964","post","type-post","status-publish","format-standard","has-post-thumbnail","hentry","category-a-la-une","category-fil-dactualite"],"_links":{"self":[{"href":"https:\/\/ami.mr\/fr\/wp-json\/wp\/v2\/posts\/276964","targetHints":{"allow":["GET"]}}],"collection":[{"href":"https:\/\/ami.mr\/fr\/wp-json\/wp\/v2\/posts"}],"about":[{"href":"https:\/\/ami.mr\/fr\/wp-json\/wp\/v2\/types\/post"}],"author":[{"embeddable":true,"href":"https:\/\/ami.mr\/fr\/wp-json\/wp\/v2\/users\/8"}],"replies":[{"embeddable":true,"href":"https:\/\/ami.mr\/fr\/wp-json\/wp\/v2\/comments?post=276964"}],"version-history":[{"count":2,"href":"https:\/\/ami.mr\/fr\/wp-json\/wp\/v2\/posts\/276964\/revisions"}],"predecessor-version":[{"id":276968,"href":"https:\/\/ami.mr\/fr\/wp-json\/wp\/v2\/posts\/276964\/revisions\/276968"}],"wp:featuredmedia":[{"embeddable":true,"href":"https:\/\/ami.mr\/fr\/wp-json\/wp\/v2\/media\/276965"}],"wp:attachment":[{"href":"https:\/\/ami.mr\/fr\/wp-json\/wp\/v2\/media?parent=276964"}],"wp:term":[{"taxonomy":"category","embeddable":true,"href":"https:\/\/ami.mr\/fr\/wp-json\/wp\/v2\/categories?post=276964"},{"taxonomy":"post_tag","embeddable":true,"href":"https:\/\/ami.mr\/fr\/wp-json\/wp\/v2\/tags?post=276964"}],"curies":[{"name":"wp","href":"https:\/\/api.w.org\/{rel}","templated":true}]}}