{"id":276948,"date":"2025-08-07T16:37:25","date_gmt":"2025-08-07T16:37:25","guid":{"rendered":"https:\/\/ami.mr\/fr\/?p=276948"},"modified":"2025-08-07T16:37:25","modified_gmt":"2025-08-07T16:37:25","slug":"akjoujt-distribution-de-prix-aux-laureats-des-examens-nationaux","status":"publish","type":"post","link":"https:\/\/ami.mr\/fr\/archives\/276948","title":{"rendered":"Akjoujt : Distribution de prix aux laur\u00e9ats des examens nationaux"},"content":{"rendered":"<div class=\"row\">\n<div class=\"cell auto-size bd-gray\" dir=\"ltr\"><\/div>\n<\/div>\n<div class=\"row\">\n<div class=\"cell auto-size\">\n<div class=\"set-border bd-gray padding10 margin10 no-margin-right no-margin-left \" dir=\"ltr\">\n<p>Le wali de l&#8217;Inchiri, M. Idrissa Demba Kor\u00e9ra, a supervis\u00e9 mercredi soir \u00e0 Akjoujt, lune soir\u00e9e culturelle organis\u00e9e par le d\u00e9put\u00e9 de la moughataa d&#8217;Akjoujt pour soutenir et appr\u00e9cier les choix de Son Excellence le Pr\u00e9sident de la R\u00e9publique, M. Mohamed Ould Cheikh El-Ghazouani, concernant l&#8217;Ecole r\u00e9publicaine.<\/p>\n<p>La c\u00e9r\u00e9monie a honor\u00e9 les meilleurs \u00e9l\u00e8ves des diff\u00e9rentes fili\u00e8res du baccalaur\u00e9at, ainsi que les meilleurs \u00e9l\u00e8ves re\u00e7us au BEPC et au concours d\u2019entr\u00e9e en premi\u00e8re ann\u00e9e du secondaire, ainsi que les meilleurs \u00e9l\u00e8ves de l&#8217;\u00e9cole de formation professionnelle d&#8217;Akjoujt. Les laur\u00e9ats des examens nationaux ont re\u00e7u des ordinateurs portables, des tablettes, des livres et des fournitures scolaires, ainsi que d&#8217;importantes sommes d&#8217;argent pour chaque \u00e9l\u00e8ve.<\/p>\n<p>La Direction r\u00e9gionale de l&#8217;Education et les \u00e9tablissements d&#8217;enseignement ayant obtenu un taux \u00e9lev\u00e9 de r\u00e9ussite aux concours nationaux et les jardins d&#8217;enfants ont \u00e9galement \u00e9t\u00e9 honor\u00e9s en reconnaissance de leur r\u00f4le dans l&#8217;\u00e9ducation pr\u00e9scolaire, ainsi que l&#8217;association des parents d&#8217;\u00e9l\u00e8ves, les agents de soutien scolaire et les superviseurs des parrainages scolaires.<\/p>\n<p>Dans une allocution prononc\u00e9e \u00e0 cette occasion, le d\u00e9put\u00e9 Seyed Ahmed Ould Mohamed El Hacen a soulign\u00e9 l&#8217;importance du r\u00f4le du personnel \u00e9ducatif dans l&#8217;\u00e9l\u00e9vation des g\u00e9n\u00e9rations et l&#8217;hommage rendu \u00e0 leurs comp\u00e9tences, notant qu&#8217;ils repr\u00e9sentent le c\u0153ur du processus \u00e9ducatif et que les efforts d\u00e9ploy\u00e9s, quels qu&#8217;ils soient, ne suffiront pas \u00e0 faire valoir leurs droits.<\/p>\n<p>Il a soulign\u00e9 que S.E. le Pr\u00e9sident de la R\u00e9publique Mohamed Ould Cheikh El-Ghazouani a accord\u00e9 une grande attention \u00e0 l&#8217;\u00e9ducation en s&#8217;int\u00e9ressant \u00e0 l&#8217;\u00e9cole r\u00e9publicaine, gr\u00e2ce \u00e0 laquelle nous cherchons \u00e0 r\u00e9soudre les probl\u00e8mes structurels existants, soulignant que sans r\u00e9forme de l&#8217;\u00e9ducation, il n&#8217;y aura pas de r\u00e9forme dans d&#8217;autres domaines.<\/p>\n<p>Il a pr\u00e9cis\u00e9 que cette manifestation vient encourager les efforts d\u00e9ploy\u00e9s par le personnel \u00e9ducatif durant l&#8217;ann\u00e9e \u00e9coul\u00e9e ainsi que les \u00e9l\u00e8ves \u00e0 travailler dur et \u00e0 pers\u00e9v\u00e9rer.<\/p>\n<p>Le a remerci\u00e9 les parents d&#8217;\u00e9l\u00e8ves pour avoir assur\u00e9 \u00e0 leurs enfants des conditions d&#8217;\u00e9tudes ad\u00e9quates qui leur ont permis d&#8217;atteindre ce pourcentage honorable.<\/p>\n<p>La c\u00e9r\u00e9monie s&#8217;est d\u00e9roul\u00e9e en pr\u00e9sence du Conseiller du wali de l&#8217;Inchiri charg\u00e9 des affaires \u00e9conomiques et du d\u00e9veloppement local, du hakem de la moughataa d&#8217;Akjoujt, de l&#8217;Adjoint au Maire de la Municipalit\u00e9 d&#8217;Akjoujt et des responsables des services de s\u00e9curit\u00e9 de l&#8217;Etat.<\/p>\n<\/div>\n<\/div>\n<\/div>\n","protected":false},"excerpt":{"rendered":"<p>Le wali de l&#8217;Inchiri, M. Idrissa Demba Kor\u00e9ra, a supervis\u00e9 mercredi soir \u00e0 Akjoujt, lune soir\u00e9e culturelle organis\u00e9e par le d\u00e9put\u00e9 de la moughataa d&#8217;Akjoujt pour soutenir et appr\u00e9cier les choix de Son Excellence le Pr\u00e9sident de la R\u00e9publique, M. Mohamed Ould Cheikh El-Ghazouani, concernant l&#8217;Ecole r\u00e9publicaine. La c\u00e9r\u00e9monie a honor\u00e9 les meilleurs \u00e9l\u00e8ves des [&hellip;]<\/p>\n","protected":false},"author":8,"featured_media":276949,"comment_status":"open","ping_status":"open","sticky":false,"template":"","format":"standard","meta":{"footnotes":""},"categories":[63918,63957],"tags":[],"class_list":["post-276948","post","type-post","status-publish","format-standard","has-post-thumbnail","hentry","category-autres","category-fil-dactualite"],"_links":{"self":[{"href":"https:\/\/ami.mr\/fr\/wp-json\/wp\/v2\/posts\/276948","targetHints":{"allow":["GET"]}}],"collection":[{"href":"https:\/\/ami.mr\/fr\/wp-json\/wp\/v2\/posts"}],"about":[{"href":"https:\/\/ami.mr\/fr\/wp-json\/wp\/v2\/types\/post"}],"author":[{"embeddable":true,"href":"https:\/\/ami.mr\/fr\/wp-json\/wp\/v2\/users\/8"}],"replies":[{"embeddable":true,"href":"https:\/\/ami.mr\/fr\/wp-json\/wp\/v2\/comments?post=276948"}],"version-history":[{"count":1,"href":"https:\/\/ami.mr\/fr\/wp-json\/wp\/v2\/posts\/276948\/revisions"}],"predecessor-version":[{"id":276950,"href":"https:\/\/ami.mr\/fr\/wp-json\/wp\/v2\/posts\/276948\/revisions\/276950"}],"wp:featuredmedia":[{"embeddable":true,"href":"https:\/\/ami.mr\/fr\/wp-json\/wp\/v2\/media\/276949"}],"wp:attachment":[{"href":"https:\/\/ami.mr\/fr\/wp-json\/wp\/v2\/media?parent=276948"}],"wp:term":[{"taxonomy":"category","embeddable":true,"href":"https:\/\/ami.mr\/fr\/wp-json\/wp\/v2\/categories?post=276948"},{"taxonomy":"post_tag","embeddable":true,"href":"https:\/\/ami.mr\/fr\/wp-json\/wp\/v2\/tags?post=276948"}],"curies":[{"name":"wp","href":"https:\/\/api.w.org\/{rel}","templated":true}]}}