{"id":276250,"date":"2025-07-28T19:13:25","date_gmt":"2025-07-28T19:13:25","guid":{"rendered":"https:\/\/ami.mr\/fr\/?p=276250"},"modified":"2025-07-28T19:13:25","modified_gmt":"2025-07-28T19:13:25","slug":"atelier-de-sensibilisation-a-la-securite-routiere-sous-le-theme-voyagez-en-toute-securite-et-profitez-de-la-beaute-de-la-patrie","status":"publish","type":"post","link":"https:\/\/ami.mr\/fr\/archives\/276250","title":{"rendered":"Atelier de sensibilisation \u00e0 la s\u00e9curit\u00e9 routi\u00e8re sous le th\u00e8me : &#8220;Voyagez en toute s\u00e9curit\u00e9 et profitez de la beaut\u00e9 de la patrie&#8221;"},"content":{"rendered":"<p>La Secr\u00e9taire g\u00e9n\u00e9rale du minist\u00e8re de l&#8217;\u00c9quipement et des Transports, Mme M&#8217;aiziza Mint Kerbali, a pr\u00e9sid\u00e9, aujourd&#8217;hui lundi, \u00e0 Nouakchott, l&#8217;ouverture d&#8217;un atelier de sensibilisation \u00e0 la s\u00e9curit\u00e9 routi\u00e8re, organis\u00e9 par l&#8217;Autorit\u00e9 de R\u00e9gulation des Transports Routiers sous le th\u00e8me : &#8220;Voyagez en toute s\u00e9curit\u00e9 et profitez de la beaut\u00e9 de la patrie (automne s\u00fbr)&#8221;.<\/p>\n<p>Cet atelier, d&#8217;une dur\u00e9e de deux jours, s&#8217;inscrit dans le cadre des efforts nationaux visant \u00e0 r\u00e9duire les accidents de la route et \u00e0 sensibiliser aux dangers de la route, en particulier pendant la saison des pluies qui conna\u00eet g\u00e9n\u00e9ralement une augmentation de la mobilit\u00e9 du transport terrestre.<\/p>\n<p>Dans un discours prononc\u00e9 \u00e0 cette occasion, la Secr\u00e9taire g\u00e9n\u00e9rale a soulign\u00e9 que la s\u00e9curit\u00e9 routi\u00e8re est une responsabilit\u00e9 collective qui exige la conjugaison des efforts de l&#8217;\u00c9tat, du secteur priv\u00e9 et de la soci\u00e9t\u00e9 civile, insistant sur le r\u00f4le central des conducteurs, consid\u00e9r\u00e9s comme responsables des vies \u00e0 l&#8217;int\u00e9rieur de leurs v\u00e9hicules.<\/p>\n<p>Elle a ajout\u00e9 que la conduite n&#8217;est pas seulement une comp\u00e9tence technique, mais un engagement moral et religieux, qui exige vigilance et discipline, en accord avec les enseignements de l&#8217;Islam qui placent la pr\u00e9servation de la vie humaine au plus haut rang des objectifs de la Charia.<\/p>\n<p>Elle a soulign\u00e9 que l&#8217;organisation de cet atelier s&#8217;inscrit dans la mise en \u0153uvre des directives de Son Excellence le Pr\u00e9sident de la R\u00e9publique, M. Mohamed Ould Cheikh El Ghazouani, visant \u00e0 placer la s\u00e9curit\u00e9 du citoyen au c\u0153ur des politiques publiques, \u00e0 travers le d\u00e9veloppement des infrastructures, le renforcement de la sensibilisation et la coordination entre les diff\u00e9rents acteurs.<\/p>\n<p>Elle a \u00e9galement salu\u00e9 l&#8217;initiative lanc\u00e9e par l&#8217;Autorit\u00e9 de R\u00e9gulation des Transports Routiers, la consid\u00e9rant comme faisant partie d&#8217;une strat\u00e9gie nationale globale visant \u00e0 enraciner la culture de la s\u00e9curit\u00e9 routi\u00e8re et \u00e0 la relier \u00e0 ses dimensions humaines, \u00e9conomiques et touristiques, ce qui renforce l&#8217;image du pays et accro\u00eet la confiance dans son syst\u00e8me routier.<\/p>\n<p>De son c\u00f4t\u00e9, le pr\u00e9sident de l&#8217;Autorit\u00e9 de R\u00e9gulation des Transports Routiers, M. El Hassen Ould Awane, a expliqu\u00e9 que l&#8217;atelier s&#8217;inscrit dans la continuit\u00e9 des efforts visant \u00e0 r\u00e9duire les accidents de la route, qui sont, selon lui, la deuxi\u00e8me cause de d\u00e9c\u00e8s dans le monde apr\u00e8s les maladies naturelles, faisant environ 1,5 million de morts par an, soit un mort toutes les 24 secondes.<\/p>\n<p>Il a ajout\u00e9 que la tranche d&#8217;\u00e2ge entre 15 et 29 ans est la plus touch\u00e9e par ces accidents, ce qui entra\u00eene des pertes \u00e9conomiques et sociales importantes qui affectent les cat\u00e9gories les plus productives de la soci\u00e9t\u00e9.<\/p>\n<p>Il a mentionn\u00e9 un certain nombre de mesures prises, notamment : le lancement d&#8217;un prix annuel pour le meilleur conducteur et la meilleure entreprise de transport, la suspension du transport terrestre de nuit, ce qui a contribu\u00e9 \u00e0 r\u00e9duire les accidents, la mise en place de balances de charge aux entr\u00e9es de la capitale, et d&#8217;autres balances en cours de construction aux entr\u00e9es du pays pour prot\u00e9ger le r\u00e9seau routier de la d\u00e9t\u00e9rioration et r\u00e9duire les co\u00fbts d&#8217;entretien.<\/p>\n<p>L&#8217;ouverture de l&#8217;atelier s&#8217;est d\u00e9roul\u00e9e en pr\u00e9sence des Secr\u00e9taires g\u00e9n\u00e9raux des minist\u00e8res de l&#8217;Autonomisation des jeunes, de l&#8217;Emploi, des Sports, du Service civique, de l&#8217;Int\u00e9rieur, de la Promotion de la d\u00e9centralisation et du D\u00e9veloppement local, et de la Sant\u00e9, ainsi que des repr\u00e9sentants des secteurs concern\u00e9s et de la soci\u00e9t\u00e9 civile.<\/p>\n","protected":false},"excerpt":{"rendered":"<p>La Secr\u00e9taire g\u00e9n\u00e9rale du minist\u00e8re de l&#8217;\u00c9quipement et des Transports, Mme M&#8217;aiziza Mint Kerbali, a pr\u00e9sid\u00e9, aujourd&#8217;hui lundi, \u00e0 Nouakchott, l&#8217;ouverture d&#8217;un atelier de sensibilisation \u00e0 la s\u00e9curit\u00e9 routi\u00e8re, organis\u00e9 par l&#8217;Autorit\u00e9 de R\u00e9gulation des Transports Routiers sous le th\u00e8me : &#8220;Voyagez en toute s\u00e9curit\u00e9 et profitez de la beaut\u00e9 de la patrie (automne s\u00fbr)&#8221;. [&hellip;]<\/p>\n","protected":false},"author":5,"featured_media":276251,"comment_status":"open","ping_status":"open","sticky":false,"template":"","format":"standard","meta":{"footnotes":""},"categories":[63918,63957,63959,63927],"tags":[],"class_list":["post-276250","post","type-post","status-publish","format-standard","has-post-thumbnail","hentry","category-autres","category-fil-dactualite","category-mauritanie","category-slider-mauritanie"],"_links":{"self":[{"href":"https:\/\/ami.mr\/fr\/wp-json\/wp\/v2\/posts\/276250","targetHints":{"allow":["GET"]}}],"collection":[{"href":"https:\/\/ami.mr\/fr\/wp-json\/wp\/v2\/posts"}],"about":[{"href":"https:\/\/ami.mr\/fr\/wp-json\/wp\/v2\/types\/post"}],"author":[{"embeddable":true,"href":"https:\/\/ami.mr\/fr\/wp-json\/wp\/v2\/users\/5"}],"replies":[{"embeddable":true,"href":"https:\/\/ami.mr\/fr\/wp-json\/wp\/v2\/comments?post=276250"}],"version-history":[{"count":1,"href":"https:\/\/ami.mr\/fr\/wp-json\/wp\/v2\/posts\/276250\/revisions"}],"predecessor-version":[{"id":276253,"href":"https:\/\/ami.mr\/fr\/wp-json\/wp\/v2\/posts\/276250\/revisions\/276253"}],"wp:featuredmedia":[{"embeddable":true,"href":"https:\/\/ami.mr\/fr\/wp-json\/wp\/v2\/media\/276251"}],"wp:attachment":[{"href":"https:\/\/ami.mr\/fr\/wp-json\/wp\/v2\/media?parent=276250"}],"wp:term":[{"taxonomy":"category","embeddable":true,"href":"https:\/\/ami.mr\/fr\/wp-json\/wp\/v2\/categories?post=276250"},{"taxonomy":"post_tag","embeddable":true,"href":"https:\/\/ami.mr\/fr\/wp-json\/wp\/v2\/tags?post=276250"}],"curies":[{"name":"wp","href":"https:\/\/api.w.org\/{rel}","templated":true}]}}