{"id":276216,"date":"2025-07-28T14:21:59","date_gmt":"2025-07-28T14:21:59","guid":{"rendered":"https:\/\/ami.mr\/fr\/?p=276216"},"modified":"2025-07-28T14:21:59","modified_gmt":"2025-07-28T14:21:59","slug":"nouadhibou-le-president-de-la-republique-supervise-linauguration-et-la-pose-de-la-premiere-pierre-dinstallations-de-developpement-et-de-service","status":"publish","type":"post","link":"https:\/\/ami.mr\/fr\/archives\/276216","title":{"rendered":"Nouadhibou: le Pr\u00e9sident de la R\u00e9publique supervise l&#8217;inauguration et la pose de la premi\u00e8re pierre d\u2019installations de d\u00e9veloppement et de service"},"content":{"rendered":"<p>Le Pr\u00e9sident de la R\u00e9publique, Monsieur Mohamed Ould Cheikh El Ghazouani, a supervis\u00e9, lundi \u00e0 Nouadhibou, l&#8217;inauguration de plusieurs installations de d\u00e9veloppement et de service et la pose de la premi\u00e8re pierre d&#8217;autres, consolidant les infrastructures et les activit\u00e9s \u00e9conomiques au niveau de la capitale \u00e9conomique, Nouadhibou.<\/p>\n<p>Ces inaugurations ont port\u00e9 sur le projet de renforcement du syst\u00e8me d&#8217;approvisionnement en eau potable de la ville de Nouadhibou \u00e0 partir de la nappe phr\u00e9atique de Boulenoir, l&#8217;usine de dessalement d&#8217;eau de mer, le complexe industriel de transformation et de valorisation des poissons p\u00e9lagiques \u2018\u2019semec\u2019\u2019, en plus de la pose de la premi\u00e8re pierre de trois autres projets, \u00e0 savoir la construction du si\u00e8ge de l&#8217;Ecole d&#8217;Enseignement Technique et de Formation Professionnelle en Technologies de l&#8217;Information et de la Communication \u00e0 Nouadhibou, la connexion Internet via un deuxi\u00e8me c\u00e2ble sous-marin passant par Nouadhibou, et le projet d&#8217;ach\u00e8vement et de r\u00e9habilitation du quai commercial du port autonome de Nouadhibou.<\/p>\n<p>Ces projets, qui s&#8217;inscrivent dans le cadre du saut qualitatif des infrastructures nationales dans divers domaines, constituent une nouvelle \u00e9tape vers un d\u00e9veloppement juste et \u00e9quilibr\u00e9 de la ville de Nouadhibou.<\/p>\n<p>Pour la premi\u00e8re fois depuis des d\u00e9cennies, il sera mis fin \u00e0 la distribution d\u2019eau par des citernes gr\u00e2ce \u00e0 l&#8217;ach\u00e8vement du projet d&#8217;approvisionnement en eau de la ville de Nouadhibou \u00e0 partir de Boulenoir, ce qui permettra aux habitants d&#8217;acc\u00e9der aux services d&#8217;eau \u00e0 faible co\u00fbt, ainsi qu&#8217;aux autres services qui seront fournis par d&#8217;autres projets qui touchent \u00e0 la vie quotidienne des citoyens, telles que la communication, la formation, l&#8217;expansion du port autonome de Nouadhibou et l&#8217;industrialisation dans le domaine de la p\u00eache.<\/p>\n<p>Dans une allocution prononc\u00e9e pour la circonstance, le pr\u00e9sident de la r\u00e9gion de Nouadhibou, M. Mohamed El Mami Ould Ahmed Bezeid, a salu\u00e9 l&#8217;inauguration de ces projets de d\u00e9veloppement, soulignant qu&#8217;ils s&#8217;ajoutent \u00e0 la s\u00e9rie de r\u00e9alisations qui se sont poursuivies depuis que Son Excellence le Pr\u00e9sident de la R\u00e9publique a pris les r\u00eanes du pouvoir.<\/p>\n<p>Il a ajout\u00e9 que les projets lanc\u00e9s aujourd&#8217;hui \u00e0 Nouadhibou s&#8217;inscrivent dans la continuit\u00e9 des programmes ambitieux de Son Excellence le Pr\u00e9sident de la R\u00e9publique (mes engagements et priorit\u00e9s), qui se sont traduits par des projets de d\u00e9veloppement porteurs de sens.<\/p>\n<p>Dans un son discours, le maire de la Commune de Nouadhibou, le d\u00e9put\u00e9 Kassem Bellali, a d\u00e9clar\u00e9 que \u2018\u2019les projets lanc\u00e9s aujourd&#8217;hui et ceux dont la premi\u00e8re pierre vient d\u2019\u00eatre pos\u00e9e auront des r\u00e9sultats positifs sur la vie quotidienne des citoyens dans divers domaines vitaux, comme l&#8217;eau, la communication, la formation et l&#8217;industrialisation dans le domaine de la p\u00eache, en plus de l&#8217;expansion du port autonome de Nouadhibou\u2019\u2019, a \u2013 t \u2013 il dit.<\/p>\n<p>La c\u00e9r\u00e9monie s&#8217;est d\u00e9roul\u00e9e en pr\u00e9sence des ministres charg\u00e9 de cabinet du Pr\u00e9sident de la R\u00e9publique, de la Transformation Num\u00e9rique et de la Modernisation de l&#8217;Administration, de la P\u00eache et des Infrastructures Maritimes et Portuaires, de l&#8217;Habitat, de l&#8217;Urbanisation et de l\u2019Am\u00e9nagement du Territoire, de l&#8217;Hydraulique et de l&#8217;Assainissement, du d\u00e9l\u00e9gu\u00e9 g\u00e9n\u00e9ral \u00e0 la Solidarit\u00e9 Nationale et \u00e0 la Lutte contre l&#8217;Exclusion, TAAZOUR, des conseillers du Pr\u00e9sident de la R\u00e9publique, du wali de Dakhlet &#8211; Nouadhibou, du pr\u00e9sident de l&#8217;Autorit\u00e9 de la Zone Franche de Nouadhibou, de l&#8217;administrateur, directeur g\u00e9n\u00e9ral de la Soci\u00e9t\u00e9 Nationale industrielle et mini\u00e8re (SNIM), du hakem de Nouadhibou, des \u00e9lus locaux, et des chefs des services militaires et de s\u00e9curit\u00e9 de la Wilaya, en plus de nombre d&#8217;hommes d&#8217;affaires nationaux.<\/p>\n","protected":false},"excerpt":{"rendered":"<p>Le Pr\u00e9sident de la R\u00e9publique, Monsieur Mohamed Ould Cheikh El Ghazouani, a supervis\u00e9, lundi \u00e0 Nouadhibou, l&#8217;inauguration de plusieurs installations de d\u00e9veloppement et de service et la pose de la premi\u00e8re pierre d&#8217;autres, consolidant les infrastructures et les activit\u00e9s \u00e9conomiques au niveau de la capitale \u00e9conomique, Nouadhibou. Ces inaugurations ont port\u00e9 sur le projet de [&hellip;]<\/p>\n","protected":false},"author":2,"featured_media":276218,"comment_status":"open","ping_status":"open","sticky":false,"template":"","format":"standard","meta":{"footnotes":""},"categories":[63919,63957,63921,63923,8672],"tags":[],"class_list":["post-276216","post","type-post","status-publish","format-standard","has-post-thumbnail","hentry","category-choix-du-redacteur","category-fil-dactualite","category-slider-afficher","category-slider-wilayas","category-8672"],"_links":{"self":[{"href":"https:\/\/ami.mr\/fr\/wp-json\/wp\/v2\/posts\/276216","targetHints":{"allow":["GET"]}}],"collection":[{"href":"https:\/\/ami.mr\/fr\/wp-json\/wp\/v2\/posts"}],"about":[{"href":"https:\/\/ami.mr\/fr\/wp-json\/wp\/v2\/types\/post"}],"author":[{"embeddable":true,"href":"https:\/\/ami.mr\/fr\/wp-json\/wp\/v2\/users\/2"}],"replies":[{"embeddable":true,"href":"https:\/\/ami.mr\/fr\/wp-json\/wp\/v2\/comments?post=276216"}],"version-history":[{"count":1,"href":"https:\/\/ami.mr\/fr\/wp-json\/wp\/v2\/posts\/276216\/revisions"}],"predecessor-version":[{"id":276219,"href":"https:\/\/ami.mr\/fr\/wp-json\/wp\/v2\/posts\/276216\/revisions\/276219"}],"wp:featuredmedia":[{"embeddable":true,"href":"https:\/\/ami.mr\/fr\/wp-json\/wp\/v2\/media\/276218"}],"wp:attachment":[{"href":"https:\/\/ami.mr\/fr\/wp-json\/wp\/v2\/media?parent=276216"}],"wp:term":[{"taxonomy":"category","embeddable":true,"href":"https:\/\/ami.mr\/fr\/wp-json\/wp\/v2\/categories?post=276216"},{"taxonomy":"post_tag","embeddable":true,"href":"https:\/\/ami.mr\/fr\/wp-json\/wp\/v2\/tags?post=276216"}],"curies":[{"name":"wp","href":"https:\/\/api.w.org\/{rel}","templated":true}]}}