{"id":276213,"date":"2025-07-28T13:02:39","date_gmt":"2025-07-28T13:02:39","guid":{"rendered":"https:\/\/ami.mr\/fr\/?p=276213"},"modified":"2025-07-28T13:02:39","modified_gmt":"2025-07-28T13:02:39","slug":"le-wali-de-linchiri-sinforme-du-fonctionnement-de-la-commission-regionale-de-lenvironnement","status":"publish","type":"post","link":"https:\/\/ami.mr\/fr\/archives\/276213","title":{"rendered":"Le wali de l&#8217;Inchiri s\u2019informe du fonctionnement de la Commission r\u00e9gionale de l&#8217;environnement"},"content":{"rendered":"<p>Le wali de l&#8217;Inchiri, M. Idriss Demba Korera, a effectu\u00e9, lundi, une visite de terrain \u00e0 la D\u00e9l\u00e9gation r\u00e9gionale du minist\u00e8re de l&#8217;Environnement en Inchiri, dans le cadre du suivi de terrain du fonctionnement des services r\u00e9gionaux et de la volont\u00e9 de l&#8217;administration de rapprocher ces services des citoyens.<\/p>\n<p>Cette visite a pour but de faire le point sur les conditions de travail au sein de la d\u00e9l\u00e9gation et d&#8217;identifier les d\u00e9fis les plus importants auxquels elle est confront\u00e9e en vue d\u2019y r\u00e9pondre et d&#8217;acc\u00e9l\u00e9rer le rythme des r\u00e9alisations dans divers domaines li\u00e9s \u00e0 l&#8217;environnement et au d\u00e9veloppement durable.<\/p>\n<p>Dans une d\u00e9claration \u00e0 l\u2019AMI, le wali a soulign\u00e9 l\u2019importance de la pr\u00e9servation de l&#8217;environnement pour assurer la bonne sant\u00e9 des populations et du b\u00e9tail, soulignant que &#8221;la r\u00e9alisation d&#8217;un d\u00e9veloppement durable passe par la cr\u00e9ation d&#8217;un \u00e9cosyst\u00e8me \u00e9quilibr\u00e9&#8221;, dit &#8211; il.<\/p>\n<p>Il a, \u00e9galement, mis en exergue la n\u00e9cessit\u00e9 de suivre de pr\u00e8s les activit\u00e9s quotidiennes, en particulier, \u00e0 la lumi\u00e8re de la vocation de la Wilaya comme zone mini\u00e8re, ce qui n\u00e9cessite d&#8217;activer le contr\u00f4le environnemental et le renforcement de la coordination avec les autorit\u00e9s concern\u00e9es, en particulier, les entreprises \u00e9trang\u00e8res travaillant dans le domaine de l&#8217;extraction mini\u00e8re.<\/p>\n<p>Le wali a appr\u00e9ci\u00e9 les efforts d\u00e9ploy\u00e9s par la D\u00e9l\u00e9gation r\u00e9gionale pour la protection de l&#8217;environnement, soulignant la disponibilit\u00e9 des autorit\u00e9s administratives \u00e0 apporter l&#8217;appui n\u00e9cessaire pour assurer la mise en \u0153uvre effective du programme de Son Excellence le Pr\u00e9sident de la R\u00e9publique, Monsieur Mohamed Ould Cheikh El Ghazouani, notamment dans son volet environnemental, compte tenu de son lien \u00e9troit avec la vie des citoyens et la qualit\u00e9 de leur vie.<\/p>\n<p>Au cours de cette visite, le wali \u00e9tait accompagn\u00e9 du conseiller charg\u00e9 des affaires \u00e9conomiques et du d\u00e9veloppement local, du hakem d&#8217;Akjoujt, de l&#8217;adjoint au maire de la commune, au c\u00f4t\u00e9 des chefs des unit\u00e9s de s\u00e9curit\u00e9 de la Wilaya.<\/p>\n","protected":false},"excerpt":{"rendered":"<p>Le wali de l&#8217;Inchiri, M. Idriss Demba Korera, a effectu\u00e9, lundi, une visite de terrain \u00e0 la D\u00e9l\u00e9gation r\u00e9gionale du minist\u00e8re de l&#8217;Environnement en Inchiri, dans le cadre du suivi de terrain du fonctionnement des services r\u00e9gionaux et de la volont\u00e9 de l&#8217;administration de rapprocher ces services des citoyens. Cette visite a pour but de [&hellip;]<\/p>\n","protected":false},"author":17,"featured_media":276214,"comment_status":"open","ping_status":"open","sticky":false,"template":"","format":"standard","meta":{"footnotes":""},"categories":[63918,63957,8672],"tags":[],"class_list":["post-276213","post","type-post","status-publish","format-standard","has-post-thumbnail","hentry","category-autres","category-fil-dactualite","category-8672"],"_links":{"self":[{"href":"https:\/\/ami.mr\/fr\/wp-json\/wp\/v2\/posts\/276213","targetHints":{"allow":["GET"]}}],"collection":[{"href":"https:\/\/ami.mr\/fr\/wp-json\/wp\/v2\/posts"}],"about":[{"href":"https:\/\/ami.mr\/fr\/wp-json\/wp\/v2\/types\/post"}],"author":[{"embeddable":true,"href":"https:\/\/ami.mr\/fr\/wp-json\/wp\/v2\/users\/17"}],"replies":[{"embeddable":true,"href":"https:\/\/ami.mr\/fr\/wp-json\/wp\/v2\/comments?post=276213"}],"version-history":[{"count":1,"href":"https:\/\/ami.mr\/fr\/wp-json\/wp\/v2\/posts\/276213\/revisions"}],"predecessor-version":[{"id":276215,"href":"https:\/\/ami.mr\/fr\/wp-json\/wp\/v2\/posts\/276213\/revisions\/276215"}],"wp:featuredmedia":[{"embeddable":true,"href":"https:\/\/ami.mr\/fr\/wp-json\/wp\/v2\/media\/276214"}],"wp:attachment":[{"href":"https:\/\/ami.mr\/fr\/wp-json\/wp\/v2\/media?parent=276213"}],"wp:term":[{"taxonomy":"category","embeddable":true,"href":"https:\/\/ami.mr\/fr\/wp-json\/wp\/v2\/categories?post=276213"},{"taxonomy":"post_tag","embeddable":true,"href":"https:\/\/ami.mr\/fr\/wp-json\/wp\/v2\/tags?post=276213"}],"curies":[{"name":"wp","href":"https:\/\/api.w.org\/{rel}","templated":true}]}}