{"id":276158,"date":"2025-07-26T22:29:35","date_gmt":"2025-07-26T22:29:35","guid":{"rendered":"https:\/\/ami.mr\/fr\/?p=276158"},"modified":"2025-07-26T22:29:35","modified_gmt":"2025-07-26T22:29:35","slug":"la-ministre-du-commerce-et-du-tourisme-notre-pays-regorge-de-potentialites-touristiques-prometteuses-et-le-festival-des-dattes-est-un-levier-important-pour-le-tourisme-interieur","status":"publish","type":"post","link":"https:\/\/ami.mr\/fr\/archives\/276158","title":{"rendered":"La Ministre du Commerce et du Tourisme : Notre pays regorge de potentialit\u00e9s touristiques prometteuses et le festival des dattes est un levier important pour le tourisme int\u00e9rieur"},"content":{"rendered":"<div class=\"cell auto-size\">\n<div class=\"set-border bd-gray padding10 margin10 no-margin-right no-margin-left \" dir=\"ltr\">\n<p>La Ministre du Commerce et du Tourisme, Mme Zeinabou Mint Ahmadnah, a salu\u00e9 l\u2019ambiance qui marque le Quatri\u00e8me Festival International ds Dattes, organis\u00e9 par le Minist\u00e8re de l\u2019Agriculture et de la Souverainet\u00e9 Alimentaire dans la ville de Kiffa, consid\u00e9rant qu\u2019il s\u2019agit d\u2019un levier important pour le tourisme int\u00e9rieur. Elle a soulign\u00e9 qu\u2019elle avait remarqu\u00e9 une grande participation \u00e0 l\u2019exposition des dattes, et une bonne participation aux \u00e9v\u00e9nements culturels organis\u00e9s en marge du IVe Festival international des dattes, notant dans ce contexte les capacit\u00e9s culturelles et civilisationnelles de la wilaya.<\/p>\n<p>La ministre a expliqu\u00e9 qu\u2019elle a assist\u00e9 aux activit\u00e9s du festival conform\u00e9ment aux hautes directives de Son Excellence le Pr\u00e9sident de la R\u00e9publique, Monsieur Mohamed Ould Cheikh El Ghazouani, qui appellent les fonctionnaires et les citoyens \u00e0 se rendre \u00e0 l\u2019int\u00e9rieur du pays en soutien \u00e0 l\u2019\u00e9conomie locale et au d\u00e9veloppement.<\/p>\n<p>Elle a soulign\u00e9 que notre pays a un grand potentiel touristique, notant qu\u2019il y a des indications qui promettent une bonne saison des pluies et une atmosph\u00e8re touristique appropri\u00e9e pour les visiteurs.<\/p>\n<p>Dans une d\u00e9claration \u00e0 l\u2019Agence mauritanienne d\u2019information , la ministre a exprim\u00e9 ses remerciements aux autorit\u00e9s administratives qui \u0153uvrent pour cr\u00e9er les conditions appropri\u00e9es pour recevoir les citoyens venant passer des vacances dans la wilaya.<\/p>\n<p>La Ministre du Commerce et du Tourisme, accompagn\u00e9e du Ministre de la Culture, des Arts, de la Communication et des Relations avec le Parlement, M. El Hussein Ould Medou, et du wali de l\u2019Assaba, M. Ahmedou Adahi Khteira, a effectu\u00e9 une visite d\u2019inspection dans un certain nombre d\u2019installations h\u00f4teli\u00e8res et touristiques de la ville de Kiffa, o\u00f9 les responsables de celles-ci ont fourni des explications d\u00e9taill\u00e9es sur l\u2019importance de ces installations et leur r\u00f4le central dans le soutien au tourisme int\u00e9rieur et l\u2019am\u00e9lioration de la pr\u00e9paration de la ville \u00e0 recevoir des visiteurs et des d\u00e9l\u00e9gations officielles.<\/p>\n<p>La visite a comport\u00e9 \u00e9galement le Mus\u00e9e de la R\u00e9sistance Banahi Ould Sidi, o\u00f9 la d\u00e9l\u00e9gation a \u00e9t\u00e9 inform\u00e9e des collections du mus\u00e9e, qui documentent les chapitres de la r\u00e9sistance nationale contre le colonialisme, et le symbolisme historique et culturel qu\u2019ils repr\u00e9sentent pour la ville de Kiffa et la wilaya en g\u00e9n\u00e9ral.<\/p>\n<\/div>\n<\/div>\n","protected":false},"excerpt":{"rendered":"<p>La Ministre du Commerce et du Tourisme, Mme Zeinabou Mint Ahmadnah, a salu\u00e9 l\u2019ambiance qui marque le Quatri\u00e8me Festival International ds Dattes, organis\u00e9 par le Minist\u00e8re de l\u2019Agriculture et de la Souverainet\u00e9 Alimentaire dans la ville de Kiffa, consid\u00e9rant qu\u2019il s\u2019agit d\u2019un levier important pour le tourisme int\u00e9rieur. Elle a soulign\u00e9 qu\u2019elle avait remarqu\u00e9 une [&hellip;]<\/p>\n","protected":false},"author":10,"featured_media":276159,"comment_status":"open","ping_status":"open","sticky":false,"template":"","format":"standard","meta":{"footnotes":""},"categories":[63920,63957,8672],"tags":[],"class_list":["post-276158","post","type-post","status-publish","format-standard","has-post-thumbnail","hentry","category-a-la-une","category-fil-dactualite","category-8672"],"_links":{"self":[{"href":"https:\/\/ami.mr\/fr\/wp-json\/wp\/v2\/posts\/276158","targetHints":{"allow":["GET"]}}],"collection":[{"href":"https:\/\/ami.mr\/fr\/wp-json\/wp\/v2\/posts"}],"about":[{"href":"https:\/\/ami.mr\/fr\/wp-json\/wp\/v2\/types\/post"}],"author":[{"embeddable":true,"href":"https:\/\/ami.mr\/fr\/wp-json\/wp\/v2\/users\/10"}],"replies":[{"embeddable":true,"href":"https:\/\/ami.mr\/fr\/wp-json\/wp\/v2\/comments?post=276158"}],"version-history":[{"count":1,"href":"https:\/\/ami.mr\/fr\/wp-json\/wp\/v2\/posts\/276158\/revisions"}],"predecessor-version":[{"id":276160,"href":"https:\/\/ami.mr\/fr\/wp-json\/wp\/v2\/posts\/276158\/revisions\/276160"}],"wp:featuredmedia":[{"embeddable":true,"href":"https:\/\/ami.mr\/fr\/wp-json\/wp\/v2\/media\/276159"}],"wp:attachment":[{"href":"https:\/\/ami.mr\/fr\/wp-json\/wp\/v2\/media?parent=276158"}],"wp:term":[{"taxonomy":"category","embeddable":true,"href":"https:\/\/ami.mr\/fr\/wp-json\/wp\/v2\/categories?post=276158"},{"taxonomy":"post_tag","embeddable":true,"href":"https:\/\/ami.mr\/fr\/wp-json\/wp\/v2\/tags?post=276158"}],"curies":[{"name":"wp","href":"https:\/\/api.w.org\/{rel}","templated":true}]}}