{"id":276119,"date":"2025-07-26T11:08:43","date_gmt":"2025-07-26T11:08:43","guid":{"rendered":"https:\/\/ami.mr\/fr\/?p=276119"},"modified":"2025-07-26T11:08:43","modified_gmt":"2025-07-26T11:08:43","slug":"le-ministre-des-affaires-etrangeres-se-rend-a-new-york-pour-participer-a-la-conference-sur-la-solution-a-deux-etats","status":"publish","type":"post","link":"https:\/\/ami.mr\/fr\/archives\/276119","title":{"rendered":"Le ministre des Affaires \u00e9trang\u00e8res se rend \u00e0 New York pour participer \u00e0 la conf\u00e9rence sur la solution \u00e0 deux \u00c9tats"},"content":{"rendered":"<p>Le ministre des Affaires \u00e9trang\u00e8res, de la Coop\u00e9ration africaine et des Mauritaniens de l&#8217;ext\u00e9rieur, M. Mohamed Salem Ould Merzoug, a quitt\u00e9 la capitale, Nouakchott, vendredi soir, pour se rendre \u00e0 New York afin de participer \u00e0 la Conf\u00e9rence sur la solution \u00e0 deux \u00c9tats, qui s&#8217;y tiendra les 28 et 29 juillet.<\/p>\n<p>Cette conf\u00e9rence minist\u00e9rielle, copr\u00e9sid\u00e9e par le ministre saoudien des Affaires \u00e9trang\u00e8res, le Prince Fay\u00e7al ben Farhan, et le ministre fran\u00e7ais de l&#8217;Europe et des Affaires \u00e9trang\u00e8res, Jean-No\u00ebl Barrot, s&#8217;inscrit dans le cadre de l&#8217;initiative lanc\u00e9e par le Royaume d&#8217;Arabie saoudite et la France il y a quelques mois. Elle constitue un pr\u00e9lude important \u00e0 la tenue d&#8217;une conf\u00e9rence internationale, \u00e0 Paris ou \u00e0 New York, en marge des r\u00e9unions de haut niveau de la 80e session annuelle de l&#8217;Assembl\u00e9e g\u00e9n\u00e9rale des Nations Unies, qui se tiendra dans la seconde moiti\u00e9 de septembre prochain, afin de reconna\u00eetre l&#8217;\u00c9tat de Palestine.<\/p>\n<p>Le ministre est accompagn\u00e9 d&#8217;une importante d\u00e9l\u00e9gation de son d\u00e9partement, compos\u00e9e d\u2019El Hacen Ahmedou, ambassadeur charg\u00e9 de mission au Cabinet du ministre, Moctar Mbeba, Directeur des Nations Unies \u00e0 la Direction G\u00e9n\u00e9rale de la Coop\u00e9ration Multilat\u00e9rale ; Ahmed Mohamed Douh, Directeur de la Communication et des M\u00e9dias ; et Diop Mohamed Diould\u00e9, Directeur du Protocole au minist\u00e8re.<\/p>\n","protected":false},"excerpt":{"rendered":"<p>Le ministre des Affaires \u00e9trang\u00e8res, de la Coop\u00e9ration africaine et des Mauritaniens de l&#8217;ext\u00e9rieur, M. Mohamed Salem Ould Merzoug, a quitt\u00e9 la capitale, Nouakchott, vendredi soir, pour se rendre \u00e0 New York afin de participer \u00e0 la Conf\u00e9rence sur la solution \u00e0 deux \u00c9tats, qui s&#8217;y tiendra les 28 et 29 juillet. Cette conf\u00e9rence minist\u00e9rielle, [&hellip;]<\/p>\n","protected":false},"author":17,"featured_media":276120,"comment_status":"open","ping_status":"open","sticky":false,"template":"","format":"standard","meta":{"footnotes":""},"categories":[63918,63957,63959],"tags":[],"class_list":["post-276119","post","type-post","status-publish","format-standard","has-post-thumbnail","hentry","category-autres","category-fil-dactualite","category-mauritanie"],"_links":{"self":[{"href":"https:\/\/ami.mr\/fr\/wp-json\/wp\/v2\/posts\/276119","targetHints":{"allow":["GET"]}}],"collection":[{"href":"https:\/\/ami.mr\/fr\/wp-json\/wp\/v2\/posts"}],"about":[{"href":"https:\/\/ami.mr\/fr\/wp-json\/wp\/v2\/types\/post"}],"author":[{"embeddable":true,"href":"https:\/\/ami.mr\/fr\/wp-json\/wp\/v2\/users\/17"}],"replies":[{"embeddable":true,"href":"https:\/\/ami.mr\/fr\/wp-json\/wp\/v2\/comments?post=276119"}],"version-history":[{"count":1,"href":"https:\/\/ami.mr\/fr\/wp-json\/wp\/v2\/posts\/276119\/revisions"}],"predecessor-version":[{"id":276121,"href":"https:\/\/ami.mr\/fr\/wp-json\/wp\/v2\/posts\/276119\/revisions\/276121"}],"wp:featuredmedia":[{"embeddable":true,"href":"https:\/\/ami.mr\/fr\/wp-json\/wp\/v2\/media\/276120"}],"wp:attachment":[{"href":"https:\/\/ami.mr\/fr\/wp-json\/wp\/v2\/media?parent=276119"}],"wp:term":[{"taxonomy":"category","embeddable":true,"href":"https:\/\/ami.mr\/fr\/wp-json\/wp\/v2\/categories?post=276119"},{"taxonomy":"post_tag","embeddable":true,"href":"https:\/\/ami.mr\/fr\/wp-json\/wp\/v2\/tags?post=276119"}],"curies":[{"name":"wp","href":"https:\/\/api.w.org\/{rel}","templated":true}]}}