{"id":275649,"date":"2025-07-18T13:37:30","date_gmt":"2025-07-18T13:37:30","guid":{"rendered":"https:\/\/ami.mr\/fr\/?p=275649"},"modified":"2025-07-18T13:37:30","modified_gmt":"2025-07-18T13:37:30","slug":"le-premier-ministre-recoit-lambassadeur-du-maroc-2","status":"publish","type":"post","link":"https:\/\/ami.mr\/fr\/archives\/275649","title":{"rendered":"Le Premier ministre re\u00e7oit l&#8217;ambassadeur du Maroc"},"content":{"rendered":"<p>Le Premier ministre, Monsieur Moctar Ould Djay, a re\u00e7u, vendredi \u00e0 Nouakchott, l&#8217;ambassadeur du Royaume du Maroc accr\u00e9dit\u00e9 en Mauritanie, SEM. Hamid Chabar.<\/p>\n<p>La r\u00e9union a port\u00e9 sur les relations de coop\u00e9ration entre les deux pays fr\u00e8res, ainsi que les moyens susceptibles de les booster.<\/p>\n<p>L&#8217;audience s&#8217;est d\u00e9roul\u00e9e en pr\u00e9sence du directeur de cabinet du Premier ministre, M. Cheikh Ould Zeidane, et Mme Hindou mint Ainina, conseill\u00e8re charg\u00e9e des Affaires politiques.<\/p>\n","protected":false},"excerpt":{"rendered":"<p>Le Premier ministre, Monsieur Moctar Ould Djay, a re\u00e7u, vendredi \u00e0 Nouakchott, l&#8217;ambassadeur du Royaume du Maroc accr\u00e9dit\u00e9 en Mauritanie, SEM. Hamid Chabar. La r\u00e9union a port\u00e9 sur les relations de coop\u00e9ration entre les deux pays fr\u00e8res, ainsi que les moyens susceptibles de les booster. L&#8217;audience s&#8217;est d\u00e9roul\u00e9e en pr\u00e9sence du directeur de cabinet du [&hellip;]<\/p>\n","protected":false},"author":17,"featured_media":275650,"comment_status":"open","ping_status":"open","sticky":false,"template":"","format":"standard","meta":{"footnotes":""},"categories":[63957,63959,63921,63927],"tags":[],"class_list":["post-275649","post","type-post","status-publish","format-standard","has-post-thumbnail","hentry","category-fil-dactualite","category-mauritanie","category-slider-afficher","category-slider-mauritanie"],"_links":{"self":[{"href":"https:\/\/ami.mr\/fr\/wp-json\/wp\/v2\/posts\/275649","targetHints":{"allow":["GET"]}}],"collection":[{"href":"https:\/\/ami.mr\/fr\/wp-json\/wp\/v2\/posts"}],"about":[{"href":"https:\/\/ami.mr\/fr\/wp-json\/wp\/v2\/types\/post"}],"author":[{"embeddable":true,"href":"https:\/\/ami.mr\/fr\/wp-json\/wp\/v2\/users\/17"}],"replies":[{"embeddable":true,"href":"https:\/\/ami.mr\/fr\/wp-json\/wp\/v2\/comments?post=275649"}],"version-history":[{"count":1,"href":"https:\/\/ami.mr\/fr\/wp-json\/wp\/v2\/posts\/275649\/revisions"}],"predecessor-version":[{"id":275651,"href":"https:\/\/ami.mr\/fr\/wp-json\/wp\/v2\/posts\/275649\/revisions\/275651"}],"wp:featuredmedia":[{"embeddable":true,"href":"https:\/\/ami.mr\/fr\/wp-json\/wp\/v2\/media\/275650"}],"wp:attachment":[{"href":"https:\/\/ami.mr\/fr\/wp-json\/wp\/v2\/media?parent=275649"}],"wp:term":[{"taxonomy":"category","embeddable":true,"href":"https:\/\/ami.mr\/fr\/wp-json\/wp\/v2\/categories?post=275649"},{"taxonomy":"post_tag","embeddable":true,"href":"https:\/\/ami.mr\/fr\/wp-json\/wp\/v2\/tags?post=275649"}],"curies":[{"name":"wp","href":"https:\/\/api.w.org\/{rel}","templated":true}]}}