{"id":275646,"date":"2025-07-18T12:42:15","date_gmt":"2025-07-18T12:42:15","guid":{"rendered":"https:\/\/ami.mr\/fr\/?p=275646"},"modified":"2025-07-18T12:42:15","modified_gmt":"2025-07-18T12:42:15","slug":"la-ministre-du-commerce-supervise-louverture-de-la-saison-de-relance-du-tourisme-interieur","status":"publish","type":"post","link":"https:\/\/ami.mr\/fr\/archives\/275646","title":{"rendered":"La ministre du Commerce supervise l&#8217;ouverture de la saison de relance du tourisme int\u00e9rieur"},"content":{"rendered":"<p>La ministre du Commerce et du Tourisme, Mme Zeinebou mint Ahmednah, accompagn\u00e9e le ministre de la Culture, des Arts, de la Communication et des Relations avec le Parlement, Porte-parole du gouvernement, M. El Housseine Ould Medou, et le wali de l&#8217;Adrar, M. Abdallahi Ould Mohamed Mahmoud, a supervis\u00e9, jeudi soir \u00e0 d&#8217;Atar, le lancement de la saison de relance du tourisme int\u00e9rieur (Kitna), sous le slogan : \u2018\u2019ma patrie, ma destination\u2019\u2019.<\/p>\n<p>Dans un discours prononc\u00e9 \u00e0 cette occasion, elle a soulign\u00e9 que \u2018\u2019ce slogan n&#8217;est pas seulement des mots prononc\u00e9s \u00e0 l&#8217;occasion, mais qu&#8217;il s&#8217;agit en fait d&#8217;un engagement que nous nous sommes fait \u00e0 nous-m\u00eames et d&#8217;une orientation qui \u00e9claire le chemin pour nos g\u00e9n\u00e9rations futures, afin que notre cher pays demeure en t\u00eate de nos choix\u2019\u2019, dit &#8211; elle.<\/p>\n<p>Mme la ministre a indiqu\u00e9 que son d\u00e9partement a travaill\u00e9 d&#8217;arrache-pied pour concr\u00e9tiser cette vision, \u00e0 travers un plan ambitieux visant \u00e0 faire du tourisme int\u00e9rieur un pilier cl\u00e9 de l&#8217;\u00e9conomie nationale, un moyen id\u00e9al de consolider l&#8217;appartenance nationale et un pont solide pour la coh\u00e9sion sociale.<\/p>\n<p>En plus du lancement de cette saison, et afin d&#8217;atteindre la dimension de durabilit\u00e9 et d&#8217;inclusion, le minist\u00e8re lancera ult\u00e9rieurement une s\u00e9rie d&#8217;\u00e9v\u00e9nements touristiques sp\u00e9cifiques, notamment la saison d&#8217;\u00e9t\u00e9 lanc\u00e9e \u00e0 Aioun, la saison des plages \u00e0 Nouadhibou et la saison culturelle de la rive du fleuve \u00e0 Ka\u00e9di.<\/p>\n<p>Elle a affirm\u00e9 que \u2018\u2019le minist\u00e8re a pris un certain nombre de mesures pour assurer le confort et la s\u00e9curit\u00e9 des visiteurs dans les zones touristiques, notamment le d\u00e9veloppement d&#8217;installations touristiques pour garantir la qualit\u00e9 de leurs services et leur inspection pour s&#8217;assurer de leur conformit\u00e9 aux normes sanitaires, le lancement de campagnes publicitaires pour encourager le tourisme int\u00e9rieur, en mettant l&#8217;accent sur la diversit\u00e9 culturelle et naturelle, la fourniture d&#8217;informations touristiques compl\u00e8tes \u00e0 travers une plate-forme interactive int\u00e9gr\u00e9e et l&#8217;application (Al Bawah), et l&#8217;encouragement du tourisme familial en cr\u00e9ant des zones de loisirs s\u00fbres pour les enfants et les familles\u2019\u2019, ajoute \u2013 t &#8211; elle.<\/p>\n<p>Mint Ahmednah a indiqu\u00e9 que cet \u00e9v\u00e9nement est conjointement parrain\u00e9 par plusieurs d\u00e9partements gouvernementaux, notamment le minist\u00e8re de l&#8217;Autonomisation de la jeunesse, de l&#8217;Emploi, des Sports et du Service civique \u00e0 travers une s\u00e9rie d&#8217;activit\u00e9s, tels que le sport, le secteur de l&#8217;Education et la r\u00e9forme du syst\u00e8me \u00e9ducatif en organisant des campements d&#8217;\u00e9t\u00e9, et le secteur de la transformation num\u00e9rique et la modernisation de l\u2019administration en couvrant les zones touristiques avec le r\u00e9seau de communication et en fournissant un service Internet..<\/p>\n<p>Elle a indiqu\u00e9 que le minist\u00e8re de l&#8217;\u00c9nergie et du P\u00e9trole soutiendra le r\u00e9seau \u00e9lectrique, tandis que les minist\u00e8res de l&#8217;Agriculture et de la Souverainet\u00e9 alimentaire et celui de l\u2019Elevage fourniront des points de vente du b\u00e9tail destin\u00e9s \u00e0 l&#8217;abattage et des points de vente de produits laitiers, assurant la qualit\u00e9 et la s\u00e9curit\u00e9 sanitaire, notant que le minist\u00e8re de l&#8217;\u00c9quipement et des Transports s&#8217;efforcera de fournir des moyens de transport pratiques en programmant des voyages en bus vers diverses destinations touristiques dans diverses Wilayas du pays, et en s\u00e9curisant des vols vers les villes disposant des infrastructures n\u00e9cessaires.<\/p>\n<p>Mme la ministre a dit que \u2018\u2019le minist\u00e8re de la Culture, des Arts, de la Communication et des Relations avec le Parlement a pr\u00e9par\u00e9 un programme complet pour un renouveau culturel qui fournit au tourisme national un mat\u00e9riel qui refl\u00e8te la richesse, la diversit\u00e9 et la beaut\u00e9 de notre patrimoine touristique tout au long de la saison.<\/p>\n<p>De son c\u00f4t\u00e9, M. Mohamed Ould Cherif Ould Abdallahi, pr\u00e9sident du Conseil R\u00e9gional de l&#8217;Adrar, a exprim\u00e9, en son nom personnel et au nom des habitants de la moughataa, ses sinc\u00e8res remerciements \u00e0 Son Excellence le Pr\u00e9sident de la R\u00e9publique, Monsieur Mohamed Ould Cheikh El Ghazouani, pour son r\u00f4le pionnier dans la promotion et le d\u00e9veloppement du tourisme int\u00e9rieur dans l&#8217;int\u00e9r\u00eat du peuple mauritanien.<\/p>\n<p>Il a ajout\u00e9 que \u2018\u2019l&#8217;Adrar dispose de divers sites touristiques naturels et de capacit\u00e9s culturelles, ce qui lui permet de promouvoir son tourisme interne, \u00e0 condition que les efforts de tous les acteurs soient r\u00e9unis et qu&#8217;une strat\u00e9gie adopt\u00e9e qui contribue \u00e0 atteindre la durabilit\u00e9, \u00e0 soutenir l&#8217;\u00e9conomie locale et \u00e0 renforcer les infrastructures touristiques\u2019\u2019, pr\u00e9cise \u2013 t- il.<\/p>\n<p>Ould Cherif a salu\u00e9 le lancement des activit\u00e9s accompagnant cet \u00e9v\u00e9nement, notamment le tir \u00e0 la cible, en plus des activit\u00e9s sportives et des formations pour soutenir les capacit\u00e9s des jeunes, appr\u00e9ciant les hautes orientations de Son Excellence le Pr\u00e9sident de la R\u00e9publique pour soutenir le d\u00e9veloppement local, ouvrir de nouveaux horizons et d\u00e9velopper les infrastructures, tels que les routes et les \u00e9tablissements \u00e9ducatifs et de sant\u00e9 dans le cadre de son programme ambitieux.<\/p>\n<p>A son tour, le pr\u00e9sident de l&#8217;Association des maires de l&#8217;Adrar, M. Mohamed Ould Ely Ould Chenoune, a salu\u00e9 l&#8217;organisation de ce festival, soulignant qu&#8217;il s&#8217;agit d&#8217;une \u00e9tape importante pour atteindre un ensemble d&#8217;objectifs, notamment promouvoir le tourisme int\u00e9rieur, encourager les citoyens \u00e0 d\u00e9couvrir la beaut\u00e9 de leur pays, mettre en valeur le patrimoine culturel de la Wilaya, offrir des opportunit\u00e9s d&#8217;emploi aux jeunes, soutenir les petits projets et attirer les investissements touristiques.<\/p>\n<p>Quant au maire de la Commune d&#8217;Atar, M. Brahim Ould Ebdebe, il a dit \u00eatre fier que la ville d&#8217;Atar accueille ce grand \u00e9v\u00e9nement national que constitue l&#8217;ouverture de la saison nationale du tourisme int\u00e9rieur.<\/p>\n<p>Le maire a adress\u00e9 ses plus sinc\u00e8res remerciements et sa gratitude \u00e0 Son Excellence le Pr\u00e9sident de la R\u00e9publique, Monsieur Mohamed Ould Cheikh El Ghazouani, pour sa confiance dans le choix de la wilaya de l&#8217;Adrar pour abriter cet \u00e9v\u00e9nement national, qui traduit l&#8217;int\u00e9r\u00eat croissant port\u00e9 par Son Excellence au d\u00e9veloppement du tourisme int\u00e9rieur et \u00e0 la valorisation du patrimoine national.<\/p>\n<p>\u2018\u2019Le lancement de la saison touristique \u00e0 cette p\u00e9riode est un message clair qui refl\u00e8te les orientations de Son Excellence le Pr\u00e9sident de la R\u00e9publique, Monsieur Mohamed Ould Cheikh El Ghazouani, appelant \u00e0 encourager le tourisme national et \u00e0 \u0153uvrer \u00e0 d\u00e9velopper les r\u00e9gions int\u00e9rieures et \u00e0 en faire une destination d&#8217;investissement conform\u00e9ment \u00e0 une vision strat\u00e9gique visant \u00e0 atteindre l&#8217;\u00e9quilibre de d\u00e9veloppement, \u00e0 renforcer l&#8217;appartenance nationale et \u00e0 mettre en valeur les ressources naturelles de la patrie\u2019\u2019, a affirm\u00e9 le pr\u00e9sident de l&#8217;Union nationale du patronat mauritanien .<\/p>\n<p>Il a ajout\u00e9 que le secteur du tourisme n&#8217;est pas seulement une source de revenus, mais un pont de communication entre les peuples et un outil de cr\u00e9ation d&#8217;emplois et de croissance \u00e9conomique, soulignant que le secteur priv\u00e9 repr\u00e9sente l\u2019essentiel des investissements dans les infrastructures touristiques, y compris les h\u00f4tels, les appartements, les restaurants et les entreprises de transport, ce qui offre des opportunit\u00e9s d&#8217;emploi \u00e0 des milliers de jeunes et contribue \u00e0 absorber le ch\u00f4mage, pr\u00e9cisant que \u2018\u2019121 unit\u00e9s h\u00f4teli\u00e8res et 752 restaurants ont \u00e9t\u00e9 cr\u00e9\u00e9s, ce qui a contribu\u00e9 \u00e0 la cr\u00e9ation de plus de 330.000 emplois et 6.000 emplois saisonniers.<\/p>\n<p>Le pr\u00e9sident de l\u2019Union a soulign\u00e9 l&#8217;engagement de son institution \u00e0 soutenir et \u00e0 encourager le tourisme dans les r\u00e9gions de l&#8217;int\u00e9rieur et \u00e0 fournir des infrastructures et des services de base pour attirer les touristes et les motiver \u00e0 choisir l&#8217;int\u00e9rieur comme destination touristique.<\/p>\n<p>La c\u00e9r\u00e9monie s&#8217;est d\u00e9roul\u00e9e en pr\u00e9sence du wali mou\u00e7aid de l&#8217;Adrar, du directeur de cabinet du wali, de son conseiller charg\u00e9 des Affaires administratives et juridiques, de son conseiller charg\u00e9 des Affaires \u00e9conomiques et du D\u00e9veloppement local, du hakem d&#8217;Atar, et de plusieurs personnalit\u00e9s nationales et locales, au c\u00f4t\u00e9 des autorit\u00e9s de s\u00e9curit\u00e9 de la Wilaya.<\/p>\n","protected":false},"excerpt":{"rendered":"<p>La ministre du Commerce et du Tourisme, Mme Zeinebou mint Ahmednah, accompagn\u00e9e le ministre de la Culture, des Arts, de la Communication et des Relations avec le Parlement, Porte-parole du gouvernement, M. El Housseine Ould Medou, et le wali de l&#8217;Adrar, M. Abdallahi Ould Mohamed Mahmoud, a supervis\u00e9, jeudi soir \u00e0 d&#8217;Atar, le lancement de [&hellip;]<\/p>\n","protected":false},"author":17,"featured_media":275647,"comment_status":"open","ping_status":"open","sticky":false,"template":"","format":"standard","meta":{"footnotes":""},"categories":[63920,63957,63959],"tags":[],"class_list":["post-275646","post","type-post","status-publish","format-standard","has-post-thumbnail","hentry","category-a-la-une","category-fil-dactualite","category-mauritanie"],"_links":{"self":[{"href":"https:\/\/ami.mr\/fr\/wp-json\/wp\/v2\/posts\/275646","targetHints":{"allow":["GET"]}}],"collection":[{"href":"https:\/\/ami.mr\/fr\/wp-json\/wp\/v2\/posts"}],"about":[{"href":"https:\/\/ami.mr\/fr\/wp-json\/wp\/v2\/types\/post"}],"author":[{"embeddable":true,"href":"https:\/\/ami.mr\/fr\/wp-json\/wp\/v2\/users\/17"}],"replies":[{"embeddable":true,"href":"https:\/\/ami.mr\/fr\/wp-json\/wp\/v2\/comments?post=275646"}],"version-history":[{"count":1,"href":"https:\/\/ami.mr\/fr\/wp-json\/wp\/v2\/posts\/275646\/revisions"}],"predecessor-version":[{"id":275648,"href":"https:\/\/ami.mr\/fr\/wp-json\/wp\/v2\/posts\/275646\/revisions\/275648"}],"wp:featuredmedia":[{"embeddable":true,"href":"https:\/\/ami.mr\/fr\/wp-json\/wp\/v2\/media\/275647"}],"wp:attachment":[{"href":"https:\/\/ami.mr\/fr\/wp-json\/wp\/v2\/media?parent=275646"}],"wp:term":[{"taxonomy":"category","embeddable":true,"href":"https:\/\/ami.mr\/fr\/wp-json\/wp\/v2\/categories?post=275646"},{"taxonomy":"post_tag","embeddable":true,"href":"https:\/\/ami.mr\/fr\/wp-json\/wp\/v2\/tags?post=275646"}],"curies":[{"name":"wp","href":"https:\/\/api.w.org\/{rel}","templated":true}]}}