{"id":275506,"date":"2025-07-16T19:50:08","date_gmt":"2025-07-16T19:50:08","guid":{"rendered":"https:\/\/ami.mr\/fr\/?p=275506"},"modified":"2025-07-16T19:50:08","modified_gmt":"2025-07-16T19:50:08","slug":"signature-dun-protocole-daccord-pour-garantir-aux-enfants-et-aux-femmes-le-droit-a-une-pension-alimentaire","status":"publish","type":"post","link":"https:\/\/ami.mr\/fr\/archives\/275506","title":{"rendered":"Signature d&#8217;un protocole d&#8217;accord pour garantir aux enfants et aux femmes le droit \u00e0 une pension alimentaire"},"content":{"rendered":"<div class=\"cell auto-size\">\n<div class=\"set-border bd-gray padding10 margin10 no-margin-right no-margin-left \" dir=\"ltr\">\n<p>La Ministre de l&#8217;Action Sociale, de l&#8217;Enfance et de la Famille, Mme Safia Ntahah, a supervis\u00e9, ce mercredi, la signature d&#8217;un protocole d&#8217;accord entre le Minist\u00e8re et la Chambre Nationale des Huissiers de Justice.<\/p>\n<p>L&#8217;accord a \u00e9t\u00e9 sign\u00e9 par le Secr\u00e9taire g\u00e9n\u00e9ral du Minist\u00e8re, M. Hammoudi Cheikhna Ali, et le Secr\u00e9taire g\u00e9n\u00e9ral de la Chambre Nationale des Huissiers de Justice, M. Sidi Ould Zamel.<\/p>\n<p>Cet accord vise \u00e0 aplanir les difficult\u00e9s li\u00e9es aux droits de la femme et de l&#8217;enfant et \u00e0 garantir la protection de ces droits conform\u00e9ment \u00e0 la Charia et \u00e0 la loi.<\/p>\n<p>La Ministre a soulign\u00e9, dans un discours prononc\u00e9 \u00e0 cette occasion, que cet accord repr\u00e9sente une \u00e9tape importante pour garantir la pension alimentaire due aux enfants et aux femmes, expliquant que cette initiative n&#8217;est pas seulement une mesure judiciaire, mais un engagement humain et moral envers les m\u00e8res qui supportent les fardeaux de la vie, ainsi que les enfants qui m\u00e9ritent de recevoir pleinement leurs droits.<\/p>\n<p>Le Secr\u00e9taire g\u00e9n\u00e9ral de la Chambre Nationale des Huissiers de Justice a salu\u00e9 cette initiative, la premi\u00e8re du genre en Mauritanie, affirmant qu&#8217;elle s&#8217;inscrit dans le cadre de la politique g\u00e9n\u00e9rale de soutien aux affaires sociales, soulignant que le r\u00f4le de l&#8217;huissier de justice est d&#8217;ex\u00e9cuter les d\u00e9cisions judiciaires pour prot\u00e9ger tous les droits, en particulier ceux li\u00e9s aux questions de la femme et de l&#8217;enfant.<\/p>\n<\/div>\n<\/div>\n","protected":false},"excerpt":{"rendered":"<p>La Ministre de l&#8217;Action Sociale, de l&#8217;Enfance et de la Famille, Mme Safia Ntahah, a supervis\u00e9, ce mercredi, la signature d&#8217;un protocole d&#8217;accord entre le Minist\u00e8re et la Chambre Nationale des Huissiers de Justice. L&#8217;accord a \u00e9t\u00e9 sign\u00e9 par le Secr\u00e9taire g\u00e9n\u00e9ral du Minist\u00e8re, M. Hammoudi Cheikhna Ali, et le Secr\u00e9taire g\u00e9n\u00e9ral de la Chambre [&hellip;]<\/p>\n","protected":false},"author":5,"featured_media":275507,"comment_status":"open","ping_status":"open","sticky":false,"template":"","format":"standard","meta":{"footnotes":""},"categories":[63920,63957,63959,63927],"tags":[],"class_list":["post-275506","post","type-post","status-publish","format-standard","has-post-thumbnail","hentry","category-a-la-une","category-fil-dactualite","category-mauritanie","category-slider-mauritanie"],"_links":{"self":[{"href":"https:\/\/ami.mr\/fr\/wp-json\/wp\/v2\/posts\/275506","targetHints":{"allow":["GET"]}}],"collection":[{"href":"https:\/\/ami.mr\/fr\/wp-json\/wp\/v2\/posts"}],"about":[{"href":"https:\/\/ami.mr\/fr\/wp-json\/wp\/v2\/types\/post"}],"author":[{"embeddable":true,"href":"https:\/\/ami.mr\/fr\/wp-json\/wp\/v2\/users\/5"}],"replies":[{"embeddable":true,"href":"https:\/\/ami.mr\/fr\/wp-json\/wp\/v2\/comments?post=275506"}],"version-history":[{"count":1,"href":"https:\/\/ami.mr\/fr\/wp-json\/wp\/v2\/posts\/275506\/revisions"}],"predecessor-version":[{"id":275508,"href":"https:\/\/ami.mr\/fr\/wp-json\/wp\/v2\/posts\/275506\/revisions\/275508"}],"wp:featuredmedia":[{"embeddable":true,"href":"https:\/\/ami.mr\/fr\/wp-json\/wp\/v2\/media\/275507"}],"wp:attachment":[{"href":"https:\/\/ami.mr\/fr\/wp-json\/wp\/v2\/media?parent=275506"}],"wp:term":[{"taxonomy":"category","embeddable":true,"href":"https:\/\/ami.mr\/fr\/wp-json\/wp\/v2\/categories?post=275506"},{"taxonomy":"post_tag","embeddable":true,"href":"https:\/\/ami.mr\/fr\/wp-json\/wp\/v2\/tags?post=275506"}],"curies":[{"name":"wp","href":"https:\/\/api.w.org\/{rel}","templated":true}]}}