{"id":274710,"date":"2025-07-04T17:35:11","date_gmt":"2025-07-04T17:35:11","guid":{"rendered":"https:\/\/ami.mr\/fr\/?p=274710"},"modified":"2025-07-04T17:35:11","modified_gmt":"2025-07-04T17:35:11","slug":"debut-des-travaux-du-groupe-parlementaire-damitie-mauritano-tcheque","status":"publish","type":"post","link":"https:\/\/ami.mr\/fr\/archives\/274710","title":{"rendered":"D\u00e9but des travaux du groupe parlementaire d&#8217;amiti\u00e9 Mauritano &#8211; Tch\u00e8que"},"content":{"rendered":"<p>Les travaux du groupe parlementaire d&#8217;amiti\u00e9 Mauritano &#8211; Tch\u00e8que ont d\u00e9but\u00e9, ce vendredi, au si\u00e8ge de l&#8217;Assembl\u00e9e nationale, sous la pr\u00e9sidence du d\u00e9put\u00e9 Mohamed Fih Baraka Bah, vice-pr\u00e9sident de l&#8217;Assembl\u00e9e, en pr\u00e9sence du Ministre de la Culture, des Arts, de la Communication et des Relations avec le Parlement, Porte-parole du Gouvernement, Monsieur El Houssein Ould Meddou.<\/p>\n<p>La pr\u00e9sidente du groupe parlementaire d&#8217;amiti\u00e9 Mauritanie &#8211; Tch\u00e9quie, Madame Hafsa Yahya Kane, a d\u00e9clar\u00e9 que la formation de ce groupe s&#8217;inscrit dans le cadre du renforcement des relations bilat\u00e9rales, initi\u00e9 par la r\u00e9cente visite officielle du pr\u00e9sident de la R\u00e9publique tch\u00e8que et de sa ministre de la D\u00e9fense \u00e0 Nouakchott.<\/p>\n<p>Elle a \u00e9galement soulign\u00e9 la d\u00e9termination du groupe \u00e0 \u00e9tablir un cadre institutionnel pour l&#8217;\u00e9change d&#8217;exp\u00e9riences parlementaires, visant \u00e0 renforcer le dialogue et l&#8217;\u00e9change d&#8217;expertises l\u00e9gislatives, et \u00e0 soutenir la coop\u00e9ration dans des secteurs strat\u00e9giques tels que l&#8217;\u00e9ducation, la sant\u00e9, les \u00e9nergies renouvelables, la transformation num\u00e9rique et l&#8217;agriculture durable.<\/p>\n<p>\u00c0 leur tour, les intervenants ont salu\u00e9 le r\u00f4le de ce groupe dans le renforcement des liens entre les deux pays.<\/p>\n<p>Ils ont \u00e9galement exprim\u00e9 leur volont\u00e9 commune de faire de ce groupe un mod\u00e8le r\u00e9gional de diplomatie parlementaire et un levier pour un partenariat \u00e9quilibr\u00e9 et mutuellement b\u00e9n\u00e9fique entre la R\u00e9publique Islamique de Mauritanie et la R\u00e9publique tch\u00e8que.<\/p>\n","protected":false},"excerpt":{"rendered":"<p>Les travaux du groupe parlementaire d&#8217;amiti\u00e9 Mauritano &#8211; Tch\u00e8que ont d\u00e9but\u00e9, ce vendredi, au si\u00e8ge de l&#8217;Assembl\u00e9e nationale, sous la pr\u00e9sidence du d\u00e9put\u00e9 Mohamed Fih Baraka Bah, vice-pr\u00e9sident de l&#8217;Assembl\u00e9e, en pr\u00e9sence du Ministre de la Culture, des Arts, de la Communication et des Relations avec le Parlement, Porte-parole du Gouvernement, Monsieur El Houssein Ould [&hellip;]<\/p>\n","protected":false},"author":5,"featured_media":274711,"comment_status":"open","ping_status":"open","sticky":false,"template":"","format":"standard","meta":{"footnotes":""},"categories":[63920,63957,63959,63927],"tags":[],"class_list":["post-274710","post","type-post","status-publish","format-standard","has-post-thumbnail","hentry","category-a-la-une","category-fil-dactualite","category-mauritanie","category-slider-mauritanie"],"_links":{"self":[{"href":"https:\/\/ami.mr\/fr\/wp-json\/wp\/v2\/posts\/274710","targetHints":{"allow":["GET"]}}],"collection":[{"href":"https:\/\/ami.mr\/fr\/wp-json\/wp\/v2\/posts"}],"about":[{"href":"https:\/\/ami.mr\/fr\/wp-json\/wp\/v2\/types\/post"}],"author":[{"embeddable":true,"href":"https:\/\/ami.mr\/fr\/wp-json\/wp\/v2\/users\/5"}],"replies":[{"embeddable":true,"href":"https:\/\/ami.mr\/fr\/wp-json\/wp\/v2\/comments?post=274710"}],"version-history":[{"count":1,"href":"https:\/\/ami.mr\/fr\/wp-json\/wp\/v2\/posts\/274710\/revisions"}],"predecessor-version":[{"id":274712,"href":"https:\/\/ami.mr\/fr\/wp-json\/wp\/v2\/posts\/274710\/revisions\/274712"}],"wp:featuredmedia":[{"embeddable":true,"href":"https:\/\/ami.mr\/fr\/wp-json\/wp\/v2\/media\/274711"}],"wp:attachment":[{"href":"https:\/\/ami.mr\/fr\/wp-json\/wp\/v2\/media?parent=274710"}],"wp:term":[{"taxonomy":"category","embeddable":true,"href":"https:\/\/ami.mr\/fr\/wp-json\/wp\/v2\/categories?post=274710"},{"taxonomy":"post_tag","embeddable":true,"href":"https:\/\/ami.mr\/fr\/wp-json\/wp\/v2\/tags?post=274710"}],"curies":[{"name":"wp","href":"https:\/\/api.w.org\/{rel}","templated":true}]}}