{"id":274574,"date":"2025-07-03T12:17:57","date_gmt":"2025-07-03T12:17:57","guid":{"rendered":"https:\/\/ami.mr\/fr\/?p=274574"},"modified":"2025-07-03T12:17:57","modified_gmt":"2025-07-03T12:17:57","slug":"lambassade-des-etats-unis-organise-une-reception-a-loccasion-du-249e-anniversaire-de-lindependance-nationale-des-etats-unis","status":"publish","type":"post","link":"https:\/\/ami.mr\/fr\/archives\/274574","title":{"rendered":"L&#8217;ambassade des \u00c9tats-Unis organise une r\u00e9ception \u00e0 l&#8217;occasion du 249e anniversaire de l&#8217;ind\u00e9pendance nationale des \u00c9tats-Unis"},"content":{"rendered":"<div class=\"cell auto-size\">\n<div class=\"set-border bd-gray padding10 margin10 no-margin-right no-margin-left \" dir=\"ltr\">\n<p>L&#8217;ambassade des Etats-Unis d&#8217;Am\u00e9rique a organis\u00e9, mercredi soir \u00e0 Nouakchott, une r\u00e9ception \u00e0 l&#8217;occasion du 249\u00e8me anniversaire de l&#8217;ind\u00e9pendance nationale des Etats-Unis d&#8217;Am\u00e9rique .<\/p>\n<p>Le gouvernement \u00e9tait repr\u00e9sent\u00e9 \u00e0 la c\u00e9r\u00e9monie par les ministres des Affaires Etrang\u00e8res, de la Coop\u00e9ration Africaine et des Mauritaniens de l&#8217;Ext\u00e9rieur, M. Mohamed Salem Ould Merzoug, et de la D\u00e9fense, Retrait\u00e9s et Enfants de Martyrs, M. Hannena Ould Sidi, du conseiller \u00e0 la Pr\u00e9sidence de la R\u00e9publique, M. Tal Outhman et de Hindou mint Ainina, conseill\u00e8re au cabinet du Premier ministre charg\u00e9e des affaires politiques.<\/p>\n<p>Dans un discours prononc\u00e9 \u00e0 cette occasion, le charg\u00e9 d&#8217;affaires de l&#8217;ambassade, John Ice, a indiqu\u00e9 que son pays cherche \u00e0 soutenir le d\u00e9veloppement \u00e9conomique de la Mauritanie par le biais du commerce, et non de l&#8217;aide, conform\u00e9ment \u00e0 l&#8217;orientation d\u00e9fendue par le Pr\u00e9sident Trump, et conform\u00e9ment \u00e0 la vision de la Mauritanie d&#8217;une relation bilat\u00e9rale plus \u00e9quilibr\u00e9e.<\/p>\n<p>\u2018\u2019Les Etats-Unis d&#8217;Am\u00e9rique n&#8217;encouragent pas la d\u00e9pendance, mais investissent dans la prosp\u00e9rit\u00e9 mutuelle. C&#8217;est pourquoi ils font de la \u2018\u2019diplomatie commerciale\u2019\u2019 un axe cl\u00e9 des relations bilat\u00e9rales\u2019\u2019, a-t-il dit, notant que les entreprises am\u00e9ricaines voient des opportunit\u00e9s en Mauritanie dans les domaines de l&#8217;\u00e9nergie, des transports, de la digitalisation, de l&#8217;agriculture, etc.<\/p>\n<p>La c\u00e9r\u00e9monie s&#8217;est d\u00e9roul\u00e9e en pr\u00e9sence de M. Mohamed El Hanchi Kettab, ambassadeur et directeur g\u00e9n\u00e9ral de la direction de la coop\u00e9ration bilat\u00e9rale au minist\u00e8re des Affaires Etrang\u00e8res, de M. Mohamed Diop Diwoldi, ambassadeur directeur du protocole, de plusieurs chefs de partis politiques, de la soci\u00e9t\u00e9 civile et de repr\u00e9sentants du corps diplomatique accr\u00e9dit\u00e9 en Mauritanie.<\/p>\n<\/div>\n<\/div>\n","protected":false},"excerpt":{"rendered":"<p>L&#8217;ambassade des Etats-Unis d&#8217;Am\u00e9rique a organis\u00e9, mercredi soir \u00e0 Nouakchott, une r\u00e9ception \u00e0 l&#8217;occasion du 249\u00e8me anniversaire de l&#8217;ind\u00e9pendance nationale des Etats-Unis d&#8217;Am\u00e9rique . Le gouvernement \u00e9tait repr\u00e9sent\u00e9 \u00e0 la c\u00e9r\u00e9monie par les ministres des Affaires Etrang\u00e8res, de la Coop\u00e9ration Africaine et des Mauritaniens de l&#8217;Ext\u00e9rieur, M. Mohamed Salem Ould Merzoug, et de la D\u00e9fense, [&hellip;]<\/p>\n","protected":false},"author":17,"featured_media":274575,"comment_status":"open","ping_status":"open","sticky":false,"template":"","format":"standard","meta":{"footnotes":""},"categories":[63920,63957,63959],"tags":[],"class_list":["post-274574","post","type-post","status-publish","format-standard","has-post-thumbnail","hentry","category-a-la-une","category-fil-dactualite","category-mauritanie"],"_links":{"self":[{"href":"https:\/\/ami.mr\/fr\/wp-json\/wp\/v2\/posts\/274574","targetHints":{"allow":["GET"]}}],"collection":[{"href":"https:\/\/ami.mr\/fr\/wp-json\/wp\/v2\/posts"}],"about":[{"href":"https:\/\/ami.mr\/fr\/wp-json\/wp\/v2\/types\/post"}],"author":[{"embeddable":true,"href":"https:\/\/ami.mr\/fr\/wp-json\/wp\/v2\/users\/17"}],"replies":[{"embeddable":true,"href":"https:\/\/ami.mr\/fr\/wp-json\/wp\/v2\/comments?post=274574"}],"version-history":[{"count":1,"href":"https:\/\/ami.mr\/fr\/wp-json\/wp\/v2\/posts\/274574\/revisions"}],"predecessor-version":[{"id":274576,"href":"https:\/\/ami.mr\/fr\/wp-json\/wp\/v2\/posts\/274574\/revisions\/274576"}],"wp:featuredmedia":[{"embeddable":true,"href":"https:\/\/ami.mr\/fr\/wp-json\/wp\/v2\/media\/274575"}],"wp:attachment":[{"href":"https:\/\/ami.mr\/fr\/wp-json\/wp\/v2\/media?parent=274574"}],"wp:term":[{"taxonomy":"category","embeddable":true,"href":"https:\/\/ami.mr\/fr\/wp-json\/wp\/v2\/categories?post=274574"},{"taxonomy":"post_tag","embeddable":true,"href":"https:\/\/ami.mr\/fr\/wp-json\/wp\/v2\/tags?post=274574"}],"curies":[{"name":"wp","href":"https:\/\/api.w.org\/{rel}","templated":true}]}}