{"id":274521,"date":"2025-07-02T20:26:10","date_gmt":"2025-07-02T20:26:10","guid":{"rendered":"https:\/\/ami.mr\/fr\/?p=274521"},"modified":"2025-07-02T20:26:10","modified_gmt":"2025-07-02T20:26:10","slug":"nouakchott-cloture-dune-formation-organisee-a-lintention-de-hauts-grades-des-officiers-detat-major-et-des-ambassadeurs-des-pays-du-sahel","status":"publish","type":"post","link":"https:\/\/ami.mr\/fr\/archives\/274521","title":{"rendered":"Nouakchott : Cl\u00f4ture d&#8217;une formation organis\u00e9e \u00e0 l&#8217;intention de hauts grad\u00e9s, des officiers d&#8217;\u00e9tat-major et des ambassadeurs des pays du Sahel"},"content":{"rendered":"<div class=\"cell auto-size\">\n<div class=\"set-border bd-gray padding10 margin10 no-margin-right no-margin-left \" dir=\"ltr\">\n<p>Un cours de formation destin\u00e9 aux commandants militaires sup\u00e9rieurs, aux officiers d&#8217;\u00e9tat-major et aux ambassadeurs des pays du Sahel et de leurs partenaires internationaux s&#8217;est achev\u00e9, mercredi, au Coll\u00e8ge de d\u00e9fense du G5 Sahel \u00e0 Nouakchott.<\/p>\n<p>Ce stage, organis\u00e9 en coop\u00e9ration avec le Coll\u00e8ge de D\u00e9fense de l&#8217;Organisation du Trait\u00e9 de l&#8217;Atlantique Nord (OTAN), s&#8217;inscrit dans le cadre du renforcement de la coop\u00e9ration en mati\u00e8re de s\u00e9curit\u00e9 et de d\u00e9fense.<\/p>\n<p>Le cours a permis de discuter des d\u00e9fis s\u00e9curitaires dans la r\u00e9gion et des moyens de coordination conjointe, ainsi que d&#8217;\u00e9changer des expertises dans les domaines du leadership strat\u00e9gique, de la planification militaire et de la diplomatie de d\u00e9fense.<\/p>\n<p>Cette initiative s&#8217;inscrit dans le cadre des efforts conjoints visant \u00e0 soutenir le renforcement des capacit\u00e9s de d\u00e9fense des pays du Sahel et \u00e0 consolider les partenariats internationaux pour faire face aux d\u00e9fis croissants, en particulier dans les domaines de la lutte contre le terrorisme, du maintien de la s\u00e9curit\u00e9 et de la stabilit\u00e9 et de la cybercriminalit\u00e9.<\/p>\n<p>Dans une allocution prononc\u00e9e \u00e0 cette occasion, le chef d&#8217;\u00e9tat-major g\u00e9n\u00e9ral des arm\u00e9es, le g\u00e9n\u00e9ral de division Mohamed Val Rayess Rayess, a d\u00e9clar\u00e9 que l&#8217;organisation de cette r\u00e9union, qui s&#8217;inscrit dans le cadre des politiques importantes de coop\u00e9ration en mati\u00e8re de s\u00e9curit\u00e9, constitue un signal important dans le d\u00e9veloppement du partenariat.<\/p>\n<p>Il a ajout\u00e9 que cette r\u00e9union de haut niveau, organis\u00e9e par le Coll\u00e8ge de D\u00e9fense du G5 Sahel, est une occasion pour renforcer la coop\u00e9ration, partager les experts, montrer les progr\u00e8s dans ce domaine et d\u00e9montrer une compr\u00e9hension profonde du potentiel de la coop\u00e9ration s\u00e9curitaire contre le terrorisme, exprimant ses sinc\u00e8res remerciements \u00e0 tous ceux qui ont contribu\u00e9 au succ\u00e8s de l&#8217;\u00e9v\u00e9nement.<\/p>\n<p>Pour sa part, le directeur du Coll\u00e8ge de d\u00e9fense du G5 Sahel, le colonel Mohamed Lemine Mohamed Bilal, a d\u00e9clar\u00e9 que l&#8217;engagement en faveur de la formation, du renforcement des capacit\u00e9s et de la coop\u00e9ration strat\u00e9gique \u00e9tait louable.<\/p>\n<p>La r\u00e9gion du Sahel se trouve \u00e0 un moment critique o\u00f9 elle est confront\u00e9e \u00e0 des d\u00e9fis s\u00e9curitaires tr\u00e8s complexes, notamment le terrorisme transfrontalier, le crime organis\u00e9, l&#8217;instabilit\u00e9 politique, les pressions climatiques et la fragilit\u00e9 socio-\u00e9conomique, a-t-il d\u00e9clar\u00e9, notant que pour faire face \u00e0 cette r\u00e9alit\u00e9, il est n\u00e9cessaire d&#8217;\u00e9laborer des r\u00e9ponses coordonn\u00e9es et int\u00e9gr\u00e9es en vue d&#8217;un d\u00e9veloppement durable.<\/p>\n<p>Le symposium s&#8217;inscrit dans cette perspective puisqu&#8217;il vise \u00e0 cr\u00e9er un cadre d&#8217;\u00e9changes strat\u00e9giques de haut niveau et un forum de dialogue entre experts en s\u00e9curit\u00e9, penseurs militaires et partenaires internationaux, dans le but de promouvoir une compr\u00e9hension commune des enjeux r\u00e9gionaux et d&#8217;y apporter des solutions appropri\u00e9es.<\/p>\n<p>Pour sa part, le repr\u00e9sentant sp\u00e9cial du secr\u00e9taire g\u00e9n\u00e9ral de l&#8217;OTAN pour le voisinage sud, Javier Colomina, a d\u00e9clar\u00e9 dans une intervention vid\u00e9o que ce cours refl\u00e8te la profondeur de la coop\u00e9ration entre l&#8217;OTAN et les pays du Sahel, notant l&#8217;importance de soutenir les institutions militaires de la r\u00e9gion par la formation et les \u00e9changes professionnels.<\/p>\n<p>Il a ajout\u00e9 que le Coll\u00e8ge de d\u00e9fense du G5 Sahel est l&#8217;une des institutions strat\u00e9giques de formation militaire les plus importantes de la r\u00e9gion et que, depuis sa cr\u00e9ation, il a jou\u00e9 un r\u00f4le essentiel dans la pr\u00e9paration de cadres militaires et civils de haut niveau pour faire face aux d\u00e9fis de s\u00e9curit\u00e9 complexes qui se posent au Sahel.<\/p>\n<\/div>\n<\/div>\n","protected":false},"excerpt":{"rendered":"<p>Un cours de formation destin\u00e9 aux commandants militaires sup\u00e9rieurs, aux officiers d&#8217;\u00e9tat-major et aux ambassadeurs des pays du Sahel et de leurs partenaires internationaux s&#8217;est achev\u00e9, mercredi, au Coll\u00e8ge de d\u00e9fense du G5 Sahel \u00e0 Nouakchott. Ce stage, organis\u00e9 en coop\u00e9ration avec le Coll\u00e8ge de D\u00e9fense de l&#8217;Organisation du Trait\u00e9 de l&#8217;Atlantique Nord (OTAN), s&#8217;inscrit [&hellip;]<\/p>\n","protected":false},"author":10,"featured_media":274522,"comment_status":"open","ping_status":"open","sticky":false,"template":"","format":"standard","meta":{"footnotes":""},"categories":[63918,63957,63959],"tags":[],"class_list":["post-274521","post","type-post","status-publish","format-standard","has-post-thumbnail","hentry","category-autres","category-fil-dactualite","category-mauritanie"],"_links":{"self":[{"href":"https:\/\/ami.mr\/fr\/wp-json\/wp\/v2\/posts\/274521","targetHints":{"allow":["GET"]}}],"collection":[{"href":"https:\/\/ami.mr\/fr\/wp-json\/wp\/v2\/posts"}],"about":[{"href":"https:\/\/ami.mr\/fr\/wp-json\/wp\/v2\/types\/post"}],"author":[{"embeddable":true,"href":"https:\/\/ami.mr\/fr\/wp-json\/wp\/v2\/users\/10"}],"replies":[{"embeddable":true,"href":"https:\/\/ami.mr\/fr\/wp-json\/wp\/v2\/comments?post=274521"}],"version-history":[{"count":1,"href":"https:\/\/ami.mr\/fr\/wp-json\/wp\/v2\/posts\/274521\/revisions"}],"predecessor-version":[{"id":274523,"href":"https:\/\/ami.mr\/fr\/wp-json\/wp\/v2\/posts\/274521\/revisions\/274523"}],"wp:featuredmedia":[{"embeddable":true,"href":"https:\/\/ami.mr\/fr\/wp-json\/wp\/v2\/media\/274522"}],"wp:attachment":[{"href":"https:\/\/ami.mr\/fr\/wp-json\/wp\/v2\/media?parent=274521"}],"wp:term":[{"taxonomy":"category","embeddable":true,"href":"https:\/\/ami.mr\/fr\/wp-json\/wp\/v2\/categories?post=274521"},{"taxonomy":"post_tag","embeddable":true,"href":"https:\/\/ami.mr\/fr\/wp-json\/wp\/v2\/tags?post=274521"}],"curies":[{"name":"wp","href":"https:\/\/api.w.org\/{rel}","templated":true}]}}