{"id":274509,"date":"2025-07-02T19:52:39","date_gmt":"2025-07-02T19:52:39","guid":{"rendered":"https:\/\/ami.mr\/fr\/?p=274509"},"modified":"2025-07-02T19:52:39","modified_gmt":"2025-07-02T19:52:39","slug":"lancement-dun-stage-de-formation-dans-le-domaine-du-textile-au-profit-des-femmes-a-akjoujt","status":"publish","type":"post","link":"https:\/\/ami.mr\/fr\/archives\/274509","title":{"rendered":"Lancement d&#8217;un stage de formation dans le domaine du textile au profit des femmes \u00e0 Akjoujt"},"content":{"rendered":"<div class=\"cell auto-size\">\n<div class=\"set-border bd-gray padding10 margin10 no-margin-right no-margin-left \" dir=\"ltr\">\n<p>Les travaux d&#8217;un stage de formation dans le domaine du textile, organis\u00e9 par la F\u00e9d\u00e9ration r\u00e9gionale de l&#8217;artisanat et des m\u00e9tiers au niveau de la wilaya d&#8217;Inchiri, en coop\u00e9ration avec le Centre national du textile, ont d\u00e9but\u00e9, ce mercredi, dans la ville d&#8217;Akjoujt, au profit d&#8217;un groupe de femmes de la ville.<\/p>\n<p>Seize femmes de la wilaya b\u00e9n\u00e9ficient de ce stage, qui dure deux mois et est encadr\u00e9 par des sp\u00e9cialistes du domaine, dans le but de renforcer leurs comp\u00e9tences en mati\u00e8re de textile et de leur permettre de r\u00e9aliser un rendement \u00e9conomique qui contribue \u00e0 soutenir leurs r\u00f4les dans la vie \u00e9conomique et sociale.<\/p>\n<p>Lors de la supervision de l&#8217;ouverture du stage, le directeur de cabinet du Wali d&#8217;Inchiri, M. Sid&#8217;Ahmed Ould Mohamed Lemine, a soulign\u00e9 l&#8217;importance du r\u00f4le central des femmes dans la construction et le d\u00e9veloppement des soci\u00e9t\u00e9s, faisant r\u00e9f\u00e9rence au soutien accord\u00e9 aux femmes par le programme de Son Excellence le Pr\u00e9sident de la R\u00e9publique, M. Mohamed Ould Cheikh El Ghazouani, \u00e0 travers des politiques mises en \u0153uvre par le gouvernement de Son Excellence le Premier Ministre, M. El Mokhtar Ould Djay.<\/p>\n<p>Il a expliqu\u00e9 que les autorit\u00e9s publiques sont pr\u00eates \u00e0 apporter le soutien n\u00e9cessaire \u00e0 la F\u00e9d\u00e9ration r\u00e9gionale afin de d\u00e9velopper l&#8217;artisanat et d&#8217;augmenter le niveau de production, ce qui profitera aux femmes et soutiendra le d\u00e9veloppement local.<\/p>\n<p>De son c\u00f4t\u00e9, l&#8217;adjoint au maire de la commune d&#8217;Akjoujt, M. Brahim Ould Tebbakh, a salu\u00e9 l&#8217;importance de ce stage pour renforcer les capacit\u00e9s des femmes, soulignant que la F\u00e9d\u00e9ration est toujours confront\u00e9e \u00e0 certains d\u00e9fis, notamment en ce qui concerne la mise \u00e0 disposition d&#8217;un si\u00e8ge permanent et ad\u00e9quat pour accueillir ses diverses activit\u00e9s.<\/p>\n<p>\u00c0 son tour, la pr\u00e9sidente de la F\u00e9d\u00e9ration r\u00e9gionale de l&#8217;artisanat et des m\u00e9tiers en Inchiri, Mme Salaka Mint Ahmed Kory, a exprim\u00e9 ses remerciements aux autorit\u00e9s administratives et locales pour le soutien apport\u00e9, affirmant que les b\u00e9n\u00e9ficiaires de la formation sont des femmes chefs de famille et des jeunes filles d\u00e9scolaris\u00e9es, ce qui fait de cette initiative une \u00e9tape importante vers l&#8217;autonomisation des femmes et le renforcement de l&#8217;industrie locale.<\/p>\n<p>Elle a soulign\u00e9 que la formation repr\u00e9sente un pilier essentiel pour le d\u00e9veloppement de l&#8217;artisanat, demandant la mise \u00e0 disposition d&#8217;un si\u00e8ge appropri\u00e9 pour promouvoir ce secteur vital et augmenter sa productivit\u00e9.<\/p>\n<p>L&#8217;ouverture du stage s&#8217;est d\u00e9roul\u00e9e en pr\u00e9sence de l&#8217;adjoint au Hakem de la moughataa d&#8217;Akjoujt, des repr\u00e9sentants des autorit\u00e9s s\u00e9curitaires et d&#8217;un public int\u00e9ress\u00e9 par le domaine de l&#8217;artisanat.<\/p>\n<\/div>\n<\/div>\n","protected":false},"excerpt":{"rendered":"<p>Les travaux d&#8217;un stage de formation dans le domaine du textile, organis\u00e9 par la F\u00e9d\u00e9ration r\u00e9gionale de l&#8217;artisanat et des m\u00e9tiers au niveau de la wilaya d&#8217;Inchiri, en coop\u00e9ration avec le Centre national du textile, ont d\u00e9but\u00e9, ce mercredi, dans la ville d&#8217;Akjoujt, au profit d&#8217;un groupe de femmes de la ville. Seize femmes de [&hellip;]<\/p>\n","protected":false},"author":10,"featured_media":274510,"comment_status":"open","ping_status":"open","sticky":false,"template":"","format":"standard","meta":{"footnotes":""},"categories":[63918,63957,8672],"tags":[],"class_list":["post-274509","post","type-post","status-publish","format-standard","has-post-thumbnail","hentry","category-autres","category-fil-dactualite","category-8672"],"_links":{"self":[{"href":"https:\/\/ami.mr\/fr\/wp-json\/wp\/v2\/posts\/274509","targetHints":{"allow":["GET"]}}],"collection":[{"href":"https:\/\/ami.mr\/fr\/wp-json\/wp\/v2\/posts"}],"about":[{"href":"https:\/\/ami.mr\/fr\/wp-json\/wp\/v2\/types\/post"}],"author":[{"embeddable":true,"href":"https:\/\/ami.mr\/fr\/wp-json\/wp\/v2\/users\/10"}],"replies":[{"embeddable":true,"href":"https:\/\/ami.mr\/fr\/wp-json\/wp\/v2\/comments?post=274509"}],"version-history":[{"count":1,"href":"https:\/\/ami.mr\/fr\/wp-json\/wp\/v2\/posts\/274509\/revisions"}],"predecessor-version":[{"id":274511,"href":"https:\/\/ami.mr\/fr\/wp-json\/wp\/v2\/posts\/274509\/revisions\/274511"}],"wp:featuredmedia":[{"embeddable":true,"href":"https:\/\/ami.mr\/fr\/wp-json\/wp\/v2\/media\/274510"}],"wp:attachment":[{"href":"https:\/\/ami.mr\/fr\/wp-json\/wp\/v2\/media?parent=274509"}],"wp:term":[{"taxonomy":"category","embeddable":true,"href":"https:\/\/ami.mr\/fr\/wp-json\/wp\/v2\/categories?post=274509"},{"taxonomy":"post_tag","embeddable":true,"href":"https:\/\/ami.mr\/fr\/wp-json\/wp\/v2\/tags?post=274509"}],"curies":[{"name":"wp","href":"https:\/\/api.w.org\/{rel}","templated":true}]}}