{"id":274484,"date":"2025-07-02T18:47:21","date_gmt":"2025-07-02T18:47:21","guid":{"rendered":"https:\/\/ami.mr\/fr\/?p=274484"},"modified":"2025-07-02T22:57:27","modified_gmt":"2025-07-02T22:57:27","slug":"le-president-de-la-republique-recoit-la-ministre-tcheque-de-la-defense","status":"publish","type":"post","link":"https:\/\/ami.mr\/fr\/archives\/274484","title":{"rendered":"Le Pr\u00e9sident de la R\u00e9publique re\u00e7oit la Ministre tch\u00e8que de la D\u00e9fense"},"content":{"rendered":"<p>Son Excellence le Pr\u00e9sident de la R\u00e9publique, M. Mohamed Ould Cheikh El Ghazouani, a re\u00e7u, aujourd&#8217;hui mercredi, au Palais pr\u00e9sidentiel \u00e0 Nouakchott, une d\u00e9l\u00e9gation de haut niveau de la R\u00e9publique tch\u00e9coslovaque, dirig\u00e9e par la Ministre de la D\u00e9fense, Mme Jana \u010cernochov\u00e1, dans le cadre d&#8217;une visite officielle visant \u00e0 renforcer la coop\u00e9ration bilat\u00e9rale, notamment dans les domaines de la d\u00e9fense et de la s\u00e9curit\u00e9.<\/p>\n<p>Au cours de la r\u00e9union, Son Excellence le Pr\u00e9sident a soulign\u00e9 l&#8217;engagement de la Mauritanie \u00e0 diversifier ses partenariats strat\u00e9giques et \u00e0 d\u00e9velopper ses relations avec les pays amis, sur la base des principes de respect mutuel et de service des int\u00e9r\u00eats communs.<\/p>\n<p>Ont assist\u00e9 \u00e0 la r\u00e9union: Son Excellence le Ministre charg\u00e9 du Cabinet du Pr\u00e9sident de la R\u00e9publique, M. Nani Ould Chrougha, Son Excellence le Ministre de la D\u00e9fense, des Affaires des Retrait\u00e9s et des Enfants des Martyrs, M. Hannana Ould Sidi, SEM. Kane Boubacar, Ambassadeur de notre pays aupr\u00e8s de la R\u00e9publique tch\u00e8que, ainsi que la d\u00e9l\u00e9gation accompagnant la Ministre tch\u00e8que de la D\u00e9fense, compos\u00e9e de Messieurs : Ladislav Sk\u0159ek, Ambassadeur de la R\u00e9publique tch\u00e8que accr\u00e9dit\u00e9 \u00e0 Nouakchott, Jan Hofman, Vice-pr\u00e9sident de la Commission de la D\u00e9fense au Parlement tch\u00e8que, et Jan Jire\u0161, Directeur g\u00e9n\u00e9ral de la Commission Politique et Strat\u00e9gique de la D\u00e9fense.<\/p>\n","protected":false},"excerpt":{"rendered":"<p>Son Excellence le Pr\u00e9sident de la R\u00e9publique, M. Mohamed Ould Cheikh El Ghazouani, a re\u00e7u, aujourd&#8217;hui mercredi, au Palais pr\u00e9sidentiel \u00e0 Nouakchott, une d\u00e9l\u00e9gation de haut niveau de la R\u00e9publique tch\u00e9coslovaque, dirig\u00e9e par la Ministre de la D\u00e9fense, Mme Jana \u010cernochov\u00e1, dans le cadre d&#8217;une visite officielle visant \u00e0 renforcer la coop\u00e9ration bilat\u00e9rale, notamment dans [&hellip;]<\/p>\n","protected":false},"author":10,"featured_media":274485,"comment_status":"open","ping_status":"open","sticky":false,"template":"","format":"standard","meta":{"footnotes":""},"categories":[63957,63959,63921,63927],"tags":[],"class_list":["post-274484","post","type-post","status-publish","format-standard","has-post-thumbnail","hentry","category-fil-dactualite","category-mauritanie","category-slider-afficher","category-slider-mauritanie"],"_links":{"self":[{"href":"https:\/\/ami.mr\/fr\/wp-json\/wp\/v2\/posts\/274484","targetHints":{"allow":["GET"]}}],"collection":[{"href":"https:\/\/ami.mr\/fr\/wp-json\/wp\/v2\/posts"}],"about":[{"href":"https:\/\/ami.mr\/fr\/wp-json\/wp\/v2\/types\/post"}],"author":[{"embeddable":true,"href":"https:\/\/ami.mr\/fr\/wp-json\/wp\/v2\/users\/10"}],"replies":[{"embeddable":true,"href":"https:\/\/ami.mr\/fr\/wp-json\/wp\/v2\/comments?post=274484"}],"version-history":[{"count":3,"href":"https:\/\/ami.mr\/fr\/wp-json\/wp\/v2\/posts\/274484\/revisions"}],"predecessor-version":[{"id":274544,"href":"https:\/\/ami.mr\/fr\/wp-json\/wp\/v2\/posts\/274484\/revisions\/274544"}],"wp:featuredmedia":[{"embeddable":true,"href":"https:\/\/ami.mr\/fr\/wp-json\/wp\/v2\/media\/274485"}],"wp:attachment":[{"href":"https:\/\/ami.mr\/fr\/wp-json\/wp\/v2\/media?parent=274484"}],"wp:term":[{"taxonomy":"category","embeddable":true,"href":"https:\/\/ami.mr\/fr\/wp-json\/wp\/v2\/categories?post=274484"},{"taxonomy":"post_tag","embeddable":true,"href":"https:\/\/ami.mr\/fr\/wp-json\/wp\/v2\/tags?post=274484"}],"curies":[{"name":"wp","href":"https:\/\/api.w.org\/{rel}","templated":true}]}}