{"id":274468,"date":"2025-07-02T13:54:24","date_gmt":"2025-07-02T13:54:24","guid":{"rendered":"https:\/\/ami.mr\/fr\/?p=274468"},"modified":"2025-07-02T13:54:24","modified_gmt":"2025-07-02T13:54:24","slug":"le-ministre-de-la-peche-se-rend-a-dakar","status":"publish","type":"post","link":"https:\/\/ami.mr\/fr\/archives\/274468","title":{"rendered":"Le ministre de la p\u00eache se rend \u00e0 Dakar"},"content":{"rendered":"<p>Le ministre de la p\u00eache, des infrastructures maritimes et portuaires, M. El Vadil Ould Sidaty Ould Ahmed Louly a quitt\u00e9 Nouakchott hier mardi pour Dakar o\u00f9 il participera \u00e0 la conf\u00e9rence des ministres de la p\u00eache du comit\u00e9 sous-r\u00e9gional des p\u00eaches, pr\u00e9vue les 2 et 3 du mois en cours.<\/p>\n<p>L&#8217;ordre du jour de la conf\u00e9rence comprend le suivi des recommandations de la derni\u00e8re conf\u00e9rence, les questions budg\u00e9taires et le futur plan d&#8217;action pour d\u00e9velopper la coop\u00e9ration dans le domaine de la p\u00eache entre les pays membres.<\/p>\n<p>Notons que la commission sous-r\u00e9gionale des p\u00eaches comprend la Mauritanie, le S\u00e9n\u00e9gal, la Gambie, la Guin\u00e9e, la Guin\u00e9e-Bissau, la Sierra Leone et les \u00eeles du Cap-Vert.<\/p>\n","protected":false},"excerpt":{"rendered":"<p>Le ministre de la p\u00eache, des infrastructures maritimes et portuaires, M. El Vadil Ould Sidaty Ould Ahmed Louly a quitt\u00e9 Nouakchott hier mardi pour Dakar o\u00f9 il participera \u00e0 la conf\u00e9rence des ministres de la p\u00eache du comit\u00e9 sous-r\u00e9gional des p\u00eaches, pr\u00e9vue les 2 et 3 du mois en cours. L&#8217;ordre du jour de la [&hellip;]<\/p>\n","protected":false},"author":18,"featured_media":274469,"comment_status":"open","ping_status":"open","sticky":false,"template":"","format":"standard","meta":{"footnotes":""},"categories":[63918,63957,63959],"tags":[],"class_list":["post-274468","post","type-post","status-publish","format-standard","has-post-thumbnail","hentry","category-autres","category-fil-dactualite","category-mauritanie"],"_links":{"self":[{"href":"https:\/\/ami.mr\/fr\/wp-json\/wp\/v2\/posts\/274468","targetHints":{"allow":["GET"]}}],"collection":[{"href":"https:\/\/ami.mr\/fr\/wp-json\/wp\/v2\/posts"}],"about":[{"href":"https:\/\/ami.mr\/fr\/wp-json\/wp\/v2\/types\/post"}],"author":[{"embeddable":true,"href":"https:\/\/ami.mr\/fr\/wp-json\/wp\/v2\/users\/18"}],"replies":[{"embeddable":true,"href":"https:\/\/ami.mr\/fr\/wp-json\/wp\/v2\/comments?post=274468"}],"version-history":[{"count":1,"href":"https:\/\/ami.mr\/fr\/wp-json\/wp\/v2\/posts\/274468\/revisions"}],"predecessor-version":[{"id":274470,"href":"https:\/\/ami.mr\/fr\/wp-json\/wp\/v2\/posts\/274468\/revisions\/274470"}],"wp:featuredmedia":[{"embeddable":true,"href":"https:\/\/ami.mr\/fr\/wp-json\/wp\/v2\/media\/274469"}],"wp:attachment":[{"href":"https:\/\/ami.mr\/fr\/wp-json\/wp\/v2\/media?parent=274468"}],"wp:term":[{"taxonomy":"category","embeddable":true,"href":"https:\/\/ami.mr\/fr\/wp-json\/wp\/v2\/categories?post=274468"},{"taxonomy":"post_tag","embeddable":true,"href":"https:\/\/ami.mr\/fr\/wp-json\/wp\/v2\/tags?post=274468"}],"curies":[{"name":"wp","href":"https:\/\/api.w.org\/{rel}","templated":true}]}}