{"id":274314,"date":"2025-06-30T20:28:38","date_gmt":"2025-06-30T20:28:38","guid":{"rendered":"https:\/\/ami.mr\/fr\/?p=274314"},"modified":"2025-06-30T20:28:38","modified_gmt":"2025-06-30T20:28:38","slug":"le-premier-ministre-preside-le-comite-ministeriel-charge-du-suivi-de-la-saison-des-pluies","status":"publish","type":"post","link":"https:\/\/ami.mr\/fr\/archives\/274314","title":{"rendered":"Le Premier ministre pr\u00e9side le Comit\u00e9 minist\u00e9riel charg\u00e9 du suivi de la saison des pluies"},"content":{"rendered":"<p>Son Excellence le Premier ministre, M. El Mokhtar Ould Djay, a pr\u00e9sid\u00e9, ce lundi, dans la salle de r\u00e9union des b\u00e2timents du Premier minist\u00e8re, une r\u00e9union du Comit\u00e9 minist\u00e9riel charg\u00e9 de la pr\u00e9paration et du suivi de la saison des pluies.<\/p>\n<p>Le Comit\u00e9 a discut\u00e9 de la n\u00e9cessit\u00e9 d&#8217;une bonne pr\u00e9paration pour la saison des pluies et des inondations qui pourraient survenir, \u00e0 l&#8217;instar des saisons pr\u00e9c\u00e9dentes, ainsi que de la recherche des meilleures m\u00e9thodes pour \u00e9viter les dommages que pourraient causer les pr\u00e9cipitations attendues.<\/p>\n<p>Son Excellence le Premier ministre a demand\u00e9 aux secteurs concern\u00e9s, chacun dans son domaine, de pr\u00e9senter leurs plans et leurs visions d&#8217;intervention pour la prochaine saison d&#8217;automne.<\/p>\n<p>Apr\u00e8s discussion sur les diff\u00e9rentes interventions possibles, Son Excellence le Premier ministre a demand\u00e9 au Comit\u00e9 technique de recenser les lacunes n\u00e9cessitant une coordination, et a \u00e9galement demand\u00e9 la mise \u00e0 disposition des moyens n\u00e9cessaires et une pr\u00e9paration ad\u00e9quate pour cette saison, pr\u00e9cisant en m\u00eame temps la possibilit\u00e9 de diviser les r\u00e9gions g\u00e9ographiquement en fonction de la nature des interventions dont chaque r\u00e9gion pourrait avoir besoin.<\/p>\n<p>Son Excellence le Premier ministre a rappel\u00e9 l&#8217;importance de tirer les le\u00e7ons des exp\u00e9riences pass\u00e9es, notamment au niveau de la ville de Nouakchott, et de travailler \u00e0 l&#8217;am\u00e9lioration des performances \u00e0 partir de ces situations.<\/p>\n","protected":false},"excerpt":{"rendered":"<p>Son Excellence le Premier ministre, M. El Mokhtar Ould Djay, a pr\u00e9sid\u00e9, ce lundi, dans la salle de r\u00e9union des b\u00e2timents du Premier minist\u00e8re, une r\u00e9union du Comit\u00e9 minist\u00e9riel charg\u00e9 de la pr\u00e9paration et du suivi de la saison des pluies. Le Comit\u00e9 a discut\u00e9 de la n\u00e9cessit\u00e9 d&#8217;une bonne pr\u00e9paration pour la saison des [&hellip;]<\/p>\n","protected":false},"author":5,"featured_media":274315,"comment_status":"open","ping_status":"open","sticky":false,"template":"","format":"standard","meta":{"footnotes":""},"categories":[63957,63959,63921,63927],"tags":[],"class_list":["post-274314","post","type-post","status-publish","format-standard","has-post-thumbnail","hentry","category-fil-dactualite","category-mauritanie","category-slider-afficher","category-slider-mauritanie"],"_links":{"self":[{"href":"https:\/\/ami.mr\/fr\/wp-json\/wp\/v2\/posts\/274314","targetHints":{"allow":["GET"]}}],"collection":[{"href":"https:\/\/ami.mr\/fr\/wp-json\/wp\/v2\/posts"}],"about":[{"href":"https:\/\/ami.mr\/fr\/wp-json\/wp\/v2\/types\/post"}],"author":[{"embeddable":true,"href":"https:\/\/ami.mr\/fr\/wp-json\/wp\/v2\/users\/5"}],"replies":[{"embeddable":true,"href":"https:\/\/ami.mr\/fr\/wp-json\/wp\/v2\/comments?post=274314"}],"version-history":[{"count":1,"href":"https:\/\/ami.mr\/fr\/wp-json\/wp\/v2\/posts\/274314\/revisions"}],"predecessor-version":[{"id":274316,"href":"https:\/\/ami.mr\/fr\/wp-json\/wp\/v2\/posts\/274314\/revisions\/274316"}],"wp:featuredmedia":[{"embeddable":true,"href":"https:\/\/ami.mr\/fr\/wp-json\/wp\/v2\/media\/274315"}],"wp:attachment":[{"href":"https:\/\/ami.mr\/fr\/wp-json\/wp\/v2\/media?parent=274314"}],"wp:term":[{"taxonomy":"category","embeddable":true,"href":"https:\/\/ami.mr\/fr\/wp-json\/wp\/v2\/categories?post=274314"},{"taxonomy":"post_tag","embeddable":true,"href":"https:\/\/ami.mr\/fr\/wp-json\/wp\/v2\/tags?post=274314"}],"curies":[{"name":"wp","href":"https:\/\/api.w.org\/{rel}","templated":true}]}}