{"id":274081,"date":"2025-06-27T12:27:12","date_gmt":"2025-06-27T12:27:12","guid":{"rendered":"https:\/\/ami.mr\/fr\/?p=274081"},"modified":"2025-06-27T12:27:12","modified_gmt":"2025-06-27T12:27:12","slug":"la-ministre-de-lenvironnement-participe-a-la-10eme-session-du-conseil-des-ministres-de-lagence-africaine-de-la-grande-muraille-verte-a-bamako","status":"publish","type":"post","link":"https:\/\/ami.mr\/fr\/archives\/274081","title":{"rendered":"La ministre de l&#8217;Environnement participe \u00e0 la 10\u00e8me session du Conseil des Ministres de l&#8217;Agence Africaine de la Grande Muraille Verte \u00e0 Bamako"},"content":{"rendered":"<p>La ministre de l&#8217;Environnement et du D\u00e9veloppement durable, Mme Messaouda Baham Mohamed Laghdhaf, a particip\u00e9 jeudi \u00e0 Bamako, au Mali, \u00e0 la 10\u00e8me session ordinaire du Conseil des ministres de l&#8217;Agence africaine pour la Grande Muraille verte, en pr\u00e9sence de plusieurs ministres de l&#8217;Environnement des Etats membres et de repr\u00e9sentants des partenaires techniques et financiers.<\/p>\n<p>Lors de la s\u00e9ance d&#8217;ouverture, la ministre a prononc\u00e9 un discours dans lequel elle a salu\u00e9 les efforts des Etats membres pour faire avancer l&#8217;Agence vers plus d&#8217;efficacit\u00e9, r\u00e9it\u00e9rant l&#8217;engagement de la R\u00e9publique Islamique de Mauritanie \u00e0 continuer \u00e0 soutenir et \u00e0 d\u00e9velopper l&#8217;initiative de la Grande Muraille Verte afin d&#8217;atteindre ses objectifs de d\u00e9veloppement et d&#8217;environnement dans la r\u00e9gion du Sahel.<\/p>\n<p>La session a pass\u00e9 en revue les principales r\u00e9formes institutionnelles en cours au sein de l&#8217;Agence, o\u00f9 la Mauritanie a \u00e9t\u00e9 f\u00e9licit\u00e9e pour son r\u00f4le moteur dans la conduite de ces r\u00e9formes et la mise en \u0153uvre des recommandations des r\u00e9unions pr\u00e9c\u00e9dentes, notamment celles relatives \u00e0 la restructuration du Secr\u00e9tariat Ex\u00e9cutif et au renforcement de la gouvernance et des m\u00e9canismes de financement.<\/p>\n<p>Les participants ont particuli\u00e8rement appr\u00e9ci\u00e9 les efforts de la Mauritanie dans la r\u00e9ussite du processus de r\u00e9forme et son engagement dans l&#8217;initiative continentale visant \u00e0 r\u00e9habiliter les terres d\u00e9grad\u00e9es, \u00e0 renforcer la r\u00e9silience des communaut\u00e9s locales et \u00e0 promouvoir le d\u00e9veloppement durable dans les zones d\u00e9sertiques.<\/p>\n<p>A la fin de la session, le Premier Ministre malien, le g\u00e9n\u00e9ral de division Abdoulaye Ma\u00efga, a re\u00e7u les ministres participants et a exprim\u00e9 le plein soutien de son pays \u00e0 l&#8217;initiative, soulignant la volont\u00e9 de la R\u00e9publique du Mali, en tant que pr\u00e9sidente en exercice de l\u2019Agence, de continuer \u00e0 plaider et \u00e0 d\u00e9fendre l&#8217;initiative de la Grande Muraille Verte dans les diff\u00e9rents forums r\u00e9gionaux et internationaux.<\/p>\n<p>La d\u00e9l\u00e9gation mauritanienne participante \u00e0 cette session comprenait le Directeur G\u00e9n\u00e9ral de l&#8217;Agence Nationale de la Grande Muraille Verte, M. Sidina Ould Ahmed Ely.<\/p>\n","protected":false},"excerpt":{"rendered":"<p>La ministre de l&#8217;Environnement et du D\u00e9veloppement durable, Mme Messaouda Baham Mohamed Laghdhaf, a particip\u00e9 jeudi \u00e0 Bamako, au Mali, \u00e0 la 10\u00e8me session ordinaire du Conseil des ministres de l&#8217;Agence africaine pour la Grande Muraille verte, en pr\u00e9sence de plusieurs ministres de l&#8217;Environnement des Etats membres et de repr\u00e9sentants des partenaires techniques et financiers. [&hellip;]<\/p>\n","protected":false},"author":17,"featured_media":274082,"comment_status":"open","ping_status":"open","sticky":false,"template":"","format":"standard","meta":{"footnotes":""},"categories":[63920,63957,25],"tags":[],"class_list":["post-274081","post","type-post","status-publish","format-standard","has-post-thumbnail","hentry","category-a-la-une","category-fil-dactualite","category-25"],"_links":{"self":[{"href":"https:\/\/ami.mr\/fr\/wp-json\/wp\/v2\/posts\/274081","targetHints":{"allow":["GET"]}}],"collection":[{"href":"https:\/\/ami.mr\/fr\/wp-json\/wp\/v2\/posts"}],"about":[{"href":"https:\/\/ami.mr\/fr\/wp-json\/wp\/v2\/types\/post"}],"author":[{"embeddable":true,"href":"https:\/\/ami.mr\/fr\/wp-json\/wp\/v2\/users\/17"}],"replies":[{"embeddable":true,"href":"https:\/\/ami.mr\/fr\/wp-json\/wp\/v2\/comments?post=274081"}],"version-history":[{"count":1,"href":"https:\/\/ami.mr\/fr\/wp-json\/wp\/v2\/posts\/274081\/revisions"}],"predecessor-version":[{"id":274083,"href":"https:\/\/ami.mr\/fr\/wp-json\/wp\/v2\/posts\/274081\/revisions\/274083"}],"wp:featuredmedia":[{"embeddable":true,"href":"https:\/\/ami.mr\/fr\/wp-json\/wp\/v2\/media\/274082"}],"wp:attachment":[{"href":"https:\/\/ami.mr\/fr\/wp-json\/wp\/v2\/media?parent=274081"}],"wp:term":[{"taxonomy":"category","embeddable":true,"href":"https:\/\/ami.mr\/fr\/wp-json\/wp\/v2\/categories?post=274081"},{"taxonomy":"post_tag","embeddable":true,"href":"https:\/\/ami.mr\/fr\/wp-json\/wp\/v2\/tags?post=274081"}],"curies":[{"name":"wp","href":"https:\/\/api.w.org\/{rel}","templated":true}]}}