{"id":274075,"date":"2025-06-27T11:26:21","date_gmt":"2025-06-27T11:26:21","guid":{"rendered":"https:\/\/ami.mr\/fr\/?p=274075"},"modified":"2025-06-27T11:26:21","modified_gmt":"2025-06-27T11:26:21","slug":"le-ministre-secretaire-general-du-gouvernement-sentretient-avec-plusieurs-responsables-omanais","status":"publish","type":"post","link":"https:\/\/ami.mr\/fr\/archives\/274075","title":{"rendered":"Le ministre secr\u00e9taire g\u00e9n\u00e9ral du gouvernement s&#8217;entretient avec plusieurs responsables omanais"},"content":{"rendered":"<p>Le ministre secr\u00e9taire g\u00e9n\u00e9ral du gouvernement Moctar Al Housseynou Lam, a tenu mercredi \u00e0 Mascate plusieurs r\u00e9unions avec de hauts responsables omanais pour examiner les diff\u00e9rents aspects de la coop\u00e9ration entre la Mauritanie et le Sultanat d&#8217;Oman et les moyens de d\u00e9velopper cette coop\u00e9ration dans divers domaines.<\/p>\n<p>Les rencontres ont concern\u00e9 S.E. Sheikh Al Fadl Al Harthy, secr\u00e9taire g\u00e9n\u00e9ral du Conseil des ministres, et S.E. Khalid Al Maouli, pr\u00e9sident du Conseil consultatif omanais.<\/p>\n<p>Le ministre a \u00e9galement visit\u00e9 les principaux sites culturels de Mascate, tels que l&#8217;Op\u00e9ra royal, le mus\u00e9e national, la mosqu\u00e9e du Sultan Qabus et l&#8217;exposition sur l&#8217;histoire d&#8217;Oman, o\u00f9 il a assist\u00e9 \u00e0 des pr\u00e9sentations d\u00e9taill\u00e9es de ces diff\u00e9rents sites qui t\u00e9moignent de l&#8217;histoire et de la civilisation ancienne du Sultanat d&#8217;Oman.<\/p>\n<p>Le ministre est accompagn\u00e9 d&#8217;une d\u00e9l\u00e9gation compos\u00e9e de S.E. l&#8217;Ambassadeur de Mauritanie \u00e0 Oman, M. Mohamed Vall Ould Bah, du D\u00e9l\u00e9gu\u00e9 G\u00e9n\u00e9ral des Archives Nationales, M. Mohamed Moctar Sidi Mohamed El Hadi, et du secr\u00e9taire particulier du ministre, M. Mohamed El Moctar Ould Mhaimed.<\/p>\n","protected":false},"excerpt":{"rendered":"<p>Le ministre secr\u00e9taire g\u00e9n\u00e9ral du gouvernement Moctar Al Housseynou Lam, a tenu mercredi \u00e0 Mascate plusieurs r\u00e9unions avec de hauts responsables omanais pour examiner les diff\u00e9rents aspects de la coop\u00e9ration entre la Mauritanie et le Sultanat d&#8217;Oman et les moyens de d\u00e9velopper cette coop\u00e9ration dans divers domaines. Les rencontres ont concern\u00e9 S.E. Sheikh Al Fadl [&hellip;]<\/p>\n","protected":false},"author":17,"featured_media":274076,"comment_status":"open","ping_status":"open","sticky":false,"template":"","format":"standard","meta":{"footnotes":""},"categories":[63920,63957,25],"tags":[],"class_list":["post-274075","post","type-post","status-publish","format-standard","has-post-thumbnail","hentry","category-a-la-une","category-fil-dactualite","category-25"],"_links":{"self":[{"href":"https:\/\/ami.mr\/fr\/wp-json\/wp\/v2\/posts\/274075","targetHints":{"allow":["GET"]}}],"collection":[{"href":"https:\/\/ami.mr\/fr\/wp-json\/wp\/v2\/posts"}],"about":[{"href":"https:\/\/ami.mr\/fr\/wp-json\/wp\/v2\/types\/post"}],"author":[{"embeddable":true,"href":"https:\/\/ami.mr\/fr\/wp-json\/wp\/v2\/users\/17"}],"replies":[{"embeddable":true,"href":"https:\/\/ami.mr\/fr\/wp-json\/wp\/v2\/comments?post=274075"}],"version-history":[{"count":1,"href":"https:\/\/ami.mr\/fr\/wp-json\/wp\/v2\/posts\/274075\/revisions"}],"predecessor-version":[{"id":274077,"href":"https:\/\/ami.mr\/fr\/wp-json\/wp\/v2\/posts\/274075\/revisions\/274077"}],"wp:featuredmedia":[{"embeddable":true,"href":"https:\/\/ami.mr\/fr\/wp-json\/wp\/v2\/media\/274076"}],"wp:attachment":[{"href":"https:\/\/ami.mr\/fr\/wp-json\/wp\/v2\/media?parent=274075"}],"wp:term":[{"taxonomy":"category","embeddable":true,"href":"https:\/\/ami.mr\/fr\/wp-json\/wp\/v2\/categories?post=274075"},{"taxonomy":"post_tag","embeddable":true,"href":"https:\/\/ami.mr\/fr\/wp-json\/wp\/v2\/tags?post=274075"}],"curies":[{"name":"wp","href":"https:\/\/api.w.org\/{rel}","templated":true}]}}