{"id":274015,"date":"2025-06-26T19:42:54","date_gmt":"2025-06-26T19:42:54","guid":{"rendered":"https:\/\/ami.mr\/fr\/?p=274015"},"modified":"2025-06-26T19:42:54","modified_gmt":"2025-06-26T19:42:54","slug":"le-ministre-des-affaires-etrangeres-rend-visite-au-president-de-lassemblee-populaire-nationale-algerienne-a-sa-residence-a-nouakchott","status":"publish","type":"post","link":"https:\/\/ami.mr\/fr\/archives\/274015","title":{"rendered":"Le ministre des Affaires \u00e9trang\u00e8res rend visite au pr\u00e9sident de l&#8217;Assembl\u00e9e populaire nationale alg\u00e9rienne \u00e0 sa r\u00e9sidence \u00e0 Nouakchott"},"content":{"rendered":"<div class=\"cell size-p10 padding20 no-padding-left no-padding-right no-padding-bottom\"><\/div>\n<div class=\"cell auto-size\">\n<div class=\"set-border bd-gray padding10 margin10 no-margin-right no-margin-left \" dir=\"ltr\">\n<p>Le ministre des Affaires \u00e9trang\u00e8res, de la Coop\u00e9ration africaine et des Mauritaniens de l&#8217;Ext\u00e9rieur, M. Mohamed Salem Ould Merzoug, a rendu, ce jeudi, une visite de courtoisie au pr\u00e9sident de l&#8217;Assembl\u00e9e populaire nationale alg\u00e9rienne, M. Brahim Boughali, \u00e0 sa r\u00e9sidence \u00e0 Nouakchott.<\/p>\n<p>Au cours de la rencontre, les deux parties ont discut\u00e9 de diverses questions relatives au renforcement de la coop\u00e9ration entre les deux pays fr\u00e8res et des moyens de la promouvoir et de la d\u00e9velopper au service des int\u00e9r\u00eats des deux peuples.<\/p>\n<p>Ils ont \u00e9galement pass\u00e9 en revue les d\u00e9veloppements sur les sc\u00e8nes r\u00e9gionale et internationale, ainsi que les questions d&#8217;int\u00e9r\u00eat commun.<\/p>\n<\/div>\n<\/div>\n","protected":false},"excerpt":{"rendered":"<p>Le ministre des Affaires \u00e9trang\u00e8res, de la Coop\u00e9ration africaine et des Mauritaniens de l&#8217;Ext\u00e9rieur, M. Mohamed Salem Ould Merzoug, a rendu, ce jeudi, une visite de courtoisie au pr\u00e9sident de l&#8217;Assembl\u00e9e populaire nationale alg\u00e9rienne, M. Brahim Boughali, \u00e0 sa r\u00e9sidence \u00e0 Nouakchott. Au cours de la rencontre, les deux parties ont discut\u00e9 de diverses questions [&hellip;]<\/p>\n","protected":false},"author":18,"featured_media":274016,"comment_status":"open","ping_status":"open","sticky":false,"template":"","format":"standard","meta":{"footnotes":""},"categories":[63918,63957,63959],"tags":[],"class_list":["post-274015","post","type-post","status-publish","format-standard","has-post-thumbnail","hentry","category-autres","category-fil-dactualite","category-mauritanie"],"_links":{"self":[{"href":"https:\/\/ami.mr\/fr\/wp-json\/wp\/v2\/posts\/274015","targetHints":{"allow":["GET"]}}],"collection":[{"href":"https:\/\/ami.mr\/fr\/wp-json\/wp\/v2\/posts"}],"about":[{"href":"https:\/\/ami.mr\/fr\/wp-json\/wp\/v2\/types\/post"}],"author":[{"embeddable":true,"href":"https:\/\/ami.mr\/fr\/wp-json\/wp\/v2\/users\/18"}],"replies":[{"embeddable":true,"href":"https:\/\/ami.mr\/fr\/wp-json\/wp\/v2\/comments?post=274015"}],"version-history":[{"count":1,"href":"https:\/\/ami.mr\/fr\/wp-json\/wp\/v2\/posts\/274015\/revisions"}],"predecessor-version":[{"id":274017,"href":"https:\/\/ami.mr\/fr\/wp-json\/wp\/v2\/posts\/274015\/revisions\/274017"}],"wp:featuredmedia":[{"embeddable":true,"href":"https:\/\/ami.mr\/fr\/wp-json\/wp\/v2\/media\/274016"}],"wp:attachment":[{"href":"https:\/\/ami.mr\/fr\/wp-json\/wp\/v2\/media?parent=274015"}],"wp:term":[{"taxonomy":"category","embeddable":true,"href":"https:\/\/ami.mr\/fr\/wp-json\/wp\/v2\/categories?post=274015"},{"taxonomy":"post_tag","embeddable":true,"href":"https:\/\/ami.mr\/fr\/wp-json\/wp\/v2\/tags?post=274015"}],"curies":[{"name":"wp","href":"https:\/\/api.w.org\/{rel}","templated":true}]}}