{"id":273808,"date":"2025-06-24T17:37:22","date_gmt":"2025-06-24T17:37:22","guid":{"rendered":"https:\/\/ami.mr\/fr\/?p=273808"},"modified":"2025-06-24T17:37:22","modified_gmt":"2025-06-24T17:37:22","slug":"la-ministre-de-lenvironnement-se-rend-a-bamako","status":"publish","type":"post","link":"https:\/\/ami.mr\/fr\/archives\/273808","title":{"rendered":"La ministre de l&#8217;Environnement se rend \u00e0 Bamako"},"content":{"rendered":"<div class=\"cell auto-size\">\n<div class=\"set-border bd-gray padding10 margin10 no-margin-right no-margin-left \" dir=\"ltr\">\n<p>La ministre de l&#8217;Environnement et du D\u00e9veloppement durable, Mme Messaouda mint Baham Ould Mohamed Laghdaf, a quitt\u00e9 Nouakchott, lundi, \u00e0 destination de Bamako, capitale de la R\u00e9publique du Mali, o\u00f9 elle participera \u00e0 la 10\u00e8me session du Conseil des ministres de l&#8217;Agence africaine pour la Grande Muraille verte, qui se tiendra le 26 juin, \u00e0 Bamako.<\/p>\n<p>Mme la ministre est accompagn\u00e9e dans cette mission par le directeur g\u00e9n\u00e9ral de l&#8217;Agence Nationale de la Grande Muraille Verte, M. Sidina Ould Ahmed Aly.<\/p>\n<\/div>\n<\/div>\n","protected":false},"excerpt":{"rendered":"<p>La ministre de l&#8217;Environnement et du D\u00e9veloppement durable, Mme Messaouda mint Baham Ould Mohamed Laghdaf, a quitt\u00e9 Nouakchott, lundi, \u00e0 destination de Bamako, capitale de la R\u00e9publique du Mali, o\u00f9 elle participera \u00e0 la 10\u00e8me session du Conseil des ministres de l&#8217;Agence africaine pour la Grande Muraille verte, qui se tiendra le 26 juin, \u00e0 [&hellip;]<\/p>\n","protected":false},"author":5,"featured_media":273809,"comment_status":"open","ping_status":"open","sticky":false,"template":"","format":"standard","meta":{"footnotes":""},"categories":[63918,63957,63959],"tags":[],"class_list":["post-273808","post","type-post","status-publish","format-standard","has-post-thumbnail","hentry","category-autres","category-fil-dactualite","category-mauritanie"],"_links":{"self":[{"href":"https:\/\/ami.mr\/fr\/wp-json\/wp\/v2\/posts\/273808","targetHints":{"allow":["GET"]}}],"collection":[{"href":"https:\/\/ami.mr\/fr\/wp-json\/wp\/v2\/posts"}],"about":[{"href":"https:\/\/ami.mr\/fr\/wp-json\/wp\/v2\/types\/post"}],"author":[{"embeddable":true,"href":"https:\/\/ami.mr\/fr\/wp-json\/wp\/v2\/users\/5"}],"replies":[{"embeddable":true,"href":"https:\/\/ami.mr\/fr\/wp-json\/wp\/v2\/comments?post=273808"}],"version-history":[{"count":1,"href":"https:\/\/ami.mr\/fr\/wp-json\/wp\/v2\/posts\/273808\/revisions"}],"predecessor-version":[{"id":273810,"href":"https:\/\/ami.mr\/fr\/wp-json\/wp\/v2\/posts\/273808\/revisions\/273810"}],"wp:featuredmedia":[{"embeddable":true,"href":"https:\/\/ami.mr\/fr\/wp-json\/wp\/v2\/media\/273809"}],"wp:attachment":[{"href":"https:\/\/ami.mr\/fr\/wp-json\/wp\/v2\/media?parent=273808"}],"wp:term":[{"taxonomy":"category","embeddable":true,"href":"https:\/\/ami.mr\/fr\/wp-json\/wp\/v2\/categories?post=273808"},{"taxonomy":"post_tag","embeddable":true,"href":"https:\/\/ami.mr\/fr\/wp-json\/wp\/v2\/tags?post=273808"}],"curies":[{"name":"wp","href":"https:\/\/api.w.org\/{rel}","templated":true}]}}